{"id":1026,"date":"2021-03-30T07:35:00","date_gmt":"2021-03-30T07:35:00","guid":{"rendered":"https:\/\/www.agentiaimpreuna.ro\/capacitarea-romilor\/?p=1026"},"modified":"2022-07-19T07:39:59","modified_gmt":"2022-07-19T07:39:59","slug":"eveniment-de-lansare","status":"publish","type":"post","link":"https:\/\/www.agentiaimpreuna.ro\/capacitarea-romilor\/2021\/03\/30\/eveniment-de-lansare\/","title":{"rendered":"Eveniment de lansare"},"content":{"rendered":"\n<p>Ast\u0103zi, 30 martie 2021, are loc evenimentul de lansare a proiectului \u201eCapacitarea \u0219i Abilitarea Romilor prin Lobby \u0219i Ac\u021biune*\u201d.<img loading=\"lazy\" decoding=\"async\" height=\"16\" width=\"16\" src=\"https:\/\/static.xx.fbcdn.net\/images\/emoji.php\/v9\/td\/2\/16\/1f4ac.png\" alt=\"\ud83d\udcac\"><\/p>\n\n\n\n<figure class=\"wp-block-image size-large\"><img loading=\"lazy\" decoding=\"async\" width=\"1024\" height=\"523\" src=\"https:\/\/www.agentiaimpreuna.ro\/capacitarea-romilor\/wp-content\/uploads\/2022\/07\/Snip20220719_15-1024x523.png\" alt=\"\" class=\"wp-image-1029\" srcset=\"https:\/\/www.agentiaimpreuna.ro\/capacitarea-romilor\/wp-content\/uploads\/2022\/07\/Snip20220719_15-1024x523.png 1024w, https:\/\/www.agentiaimpreuna.ro\/capacitarea-romilor\/wp-content\/uploads\/2022\/07\/Snip20220719_15-300x153.png 300w, https:\/\/www.agentiaimpreuna.ro\/capacitarea-romilor\/wp-content\/uploads\/2022\/07\/Snip20220719_15-768x392.png 768w, https:\/\/www.agentiaimpreuna.ro\/capacitarea-romilor\/wp-content\/uploads\/2022\/07\/Snip20220719_15-18x9.png 18w, https:\/\/www.agentiaimpreuna.ro\/capacitarea-romilor\/wp-content\/uploads\/2022\/07\/Snip20220719_15.png 1144w\" sizes=\"auto, (max-width: 1024px) 100vw, 1024px\" \/><\/figure>\n\n\n\n<p><img loading=\"lazy\" decoding=\"async\" height=\"16\" width=\"16\" alt=\"\ud83d\udccc\" src=\"https:\/\/static.xx.fbcdn.net\/images\/emoji.php\/v9\/t4b\/2\/16\/1f4cc.png\"> Discu\u021bia este centrat\u0103 pe trei mari piloni, \u0219i anume:<\/p>\n\n\n\n<p><img loading=\"lazy\" decoding=\"async\" height=\"16\" width=\"16\" alt=\"1\ufe0f\u20e3\" src=\"https:\/\/static.xx.fbcdn.net\/images\/emoji.php\/v9\/t59\/2\/16\/31_20e3.png\"> \u00cen ce m\u0103sur\u0103 romii sunt parte a planurilor de ac\u021biune local\u0103\/ strategiilor locale elaborate de APL-uri?<\/p>\n\n\n\n<p><img loading=\"lazy\" decoding=\"async\" height=\"16\" width=\"16\" alt=\"2\ufe0f\u20e3\" src=\"https:\/\/static.xx.fbcdn.net\/images\/emoji.php\/v9\/t78\/2\/16\/32_20e3.png\"> Sistemul educa\u021bional de la nivel local este unul incluziv pentru to\u021bi elevii s\u0103i, implicit \u0219i pentru elevii romi?<\/p>\n\n\n\n<p><img loading=\"lazy\" decoding=\"async\" height=\"16\" width=\"16\" alt=\"3\ufe0f\u20e3\" src=\"https:\/\/static.xx.fbcdn.net\/images\/emoji.php\/v9\/t97\/2\/16\/33_20e3.png\"> Care este responsabilitatea societ\u0103\u021bii civile \u00een reprezentarea romilor la nivel local?<\/p>\n\n\n\n<p>Proiectul \u201eCapacitarea \u0219i Abilitarea Romilor prin Lobby \u0219i Ac\u021biune\u201d este implementat \u00een perioada 01.03.2021-31.08.2022 \u0219i \u00ee\u0219i propune cre\u0219terea capacit\u0103\u021bii grupurilor vulnerabile din 12 comunit\u0103\u021bi rurale interetnice.<\/p>\n\n\n\n<p>\ud835\udc0f\ud835\udc2b\ud835\udc22\ud835\udc27\ud835\udc1c\ud835\udc22\ud835\udc29\ud835\udc1a\ud835\udc25\ud835\udc1e\ud835\udc25\ud835\udc1e \ud835\udc1d\ud835\udc28\ud835\udc2e\ud835\udc1a\u0306 \ud835\udc28\ud835\udc1b\ud835\udc22\ud835\udc1e\ud835\udc1c\ud835\udc2d\ud835\udc22\ud835\udc2f\ud835\udc1e \ud835\udc1a\ud835\udc25\ud835\udc1e \ud835\udc29\ud835\udc2b\ud835\udc28\ud835\udc22\ud835\udc1e\ud835\udc1c\ud835\udc2d\ud835\udc2e\ud835\udc25\ud835\udc2e\ud835\udc22 \ud835\udc2f\ud835\udc22\ud835\udc33\ud835\udc1e\ud835\udc1a\ud835\udc33\ud835\udc1a\u0306:<\/p>\n\n\n\n<p>1. Crearea \u0219i mobilizarea a 12 grupuri interetnice de reprezentare \u0219i ac\u021biune la nivelul a 12 comunit\u0103\u021bi rurale pe o perioad\u0103 de 18 luni;<\/p>\n\n\n\n<p>2. Cre\u0219terea implic\u0103rii la via\u021ba comunit\u0103\u021bii a 660 de persoane apar\u021bin\u00e2nd grupurilor vulnerabile (romi si neromi) din 12 comunit\u0103\u021bi rurale interetnice pe o perioada de 18 luni.<\/p>\n\n\n\n<p>\ud835\udc11\ud835\udc1e\ud835\udc33\ud835\udc2e\ud835\udc25\ud835\udc2d\ud835\udc1a\ud835\udc2d\ud835\udc1e\ud835\udc25\ud835\udc1e \ud835\udc1a\ud835\udc2c\u0326\ud835\udc2d\ud835\udc1e\ud835\udc29\ud835\udc2d\ud835\udc1a\ud835\udc2d\ud835\udc1e \ud835\udc1a\ud835\udc25\ud835\udc1e \ud835\udc29\ud835\udc2b\ud835\udc28\ud835\udc22\ud835\udc1e\ud835\udc1c\ud835\udc2d\ud835\udc2e\ud835\udc25\ud835\udc2e\ud835\udc22 \ud835\udc29\ud835\udc2b\ud835\udc1e\ud835\udc2f\ud835\udc1a\u0306\ud835\udc1d:<\/p>\n\n\n\n<p>\u2022 \u00cemputernicirea a 12 comunit\u0103\u021bi de romi din 3 jude\u021be (Br\u0103ila, C\u0103l\u0103ra\u0219i \u0219i Constan\u021ba) prin facilitare \u0219i dezvoltare comunitar\u0103;<\/p>\n\n\n\n<p>\u2022 Capacitarea a 24 de exper\u021bi \u0219i lideri romi de la nivel na\u021bional pentru a cre\u0219te implicarea acestora la luarea deciziilor care vizeaz\u0103 comunit\u0103\u021bile de romi \u0219i nu numai;<\/p>\n\n\n\n<p>\u2022 Activit\u0103\u021bi de formare a cadrelor didactice \u00een istoria romilor.<\/p>\n\n\n\n<p><\/p>\n\n\n\n<p><strong>Reg\u0103si\u021bi \u00eentreaga discu\u021bie pe pagina de Facebook dedicat\u0103 proiectului, <a href=\"https:\/\/www.facebook.com\/AgentiaImpreuna\/videos\/247508517057333\" target=\"_blank\" rel=\"noopener\">aici<\/a><\/strong>.<\/p>\n\n\n\n<figure class=\"wp-block-image size-large\"><img loading=\"lazy\" decoding=\"async\" width=\"1024\" height=\"510\" src=\"https:\/\/www.agentiaimpreuna.ro\/capacitarea-romilor\/wp-content\/uploads\/2022\/07\/Snip20220719_16-1024x510.png\" alt=\"\" class=\"wp-image-1028\" srcset=\"https:\/\/www.agentiaimpreuna.ro\/capacitarea-romilor\/wp-content\/uploads\/2022\/07\/Snip20220719_16-1024x510.png 1024w, https:\/\/www.agentiaimpreuna.ro\/capacitarea-romilor\/wp-content\/uploads\/2022\/07\/Snip20220719_16-300x149.png 300w, https:\/\/www.agentiaimpreuna.ro\/capacitarea-romilor\/wp-content\/uploads\/2022\/07\/Snip20220719_16-768x383.png 768w, https:\/\/www.agentiaimpreuna.ro\/capacitarea-romilor\/wp-content\/uploads\/2022\/07\/Snip20220719_16-18x9.png 18w, https:\/\/www.agentiaimpreuna.ro\/capacitarea-romilor\/wp-content\/uploads\/2022\/07\/Snip20220719_16.png 1148w\" sizes=\"auto, (max-width: 1024px) 100vw, 1024px\" \/><\/figure>\n\n\n\n<p>*\ud835\udc43\ud835\udc5f\ud835\udc5c\ud835\udc56\ud835\udc52\ud835\udc50\ud835\udc61 \ud835\udc51\ud835\udc52\ud835\udc5f\ud835\udc62\ud835\udc59\ud835\udc4e\ud835\udc61 \ud835\udc51\ud835\udc52 \ud835\udc39\ud835\udc62\ud835\udc5b\ud835\udc51\ud835\udc4e\ud835\udc61\u0326\ud835\udc56\ud835\udc4e \ud835\udc34\ud835\udc54\ud835\udc52\ud835\udc5b\ud835\udc61\u0326\ud835\udc56\ud835\udc4e \ud835\udc3c\u0302\ud835\udc5a\ud835\udc5d\ud835\udc5f\ud835\udc52\ud835\udc62\ud835\udc5b\ud835\udc4e\u0306 \ud835\udc56\u0302\ud835\udc5b \ud835\udc5d\ud835\udc4e\ud835\udc5f\ud835\udc61\ud835\udc52\ud835\udc5b\ud835\udc52\ud835\udc5f\ud835\udc56\ud835\udc4e\ud835\udc61 \ud835\udc50\ud835\udc62 \ud835\udc36\ud835\udc52\ud835\udc5b\ud835\udc61\ud835\udc5f\ud835\udc62\ud835\udc59 \ud835\udc45\ud835\udc5c\ud835\udc5a\ud835\udc56\ud835\udc59\ud835\udc5c\ud835\udc5f \ud835\udc5d\ud835\udc52\ud835\udc5b\ud835\udc61\ud835\udc5f\ud835\udc62 \ud835\udc43\ud835\udc5c\ud835\udc59\ud835\udc56\ud835\udc61\ud835\udc56\ud835\udc50\ud835\udc56 \ud835\udc51\ud835\udc52 \ud835\udc46\ud835\udc4e\u0306\ud835\udc5b\ud835\udc4e\u0306\ud835\udc61\ud835\udc4e\ud835\udc61\ud835\udc52 \u2013 \ud835\udc46\ud835\udc34\ud835\udc46\ud835\udc47\ud835\udc3c\ud835\udc43\ud835\udc38\ud835\udc41 \ud835\udc60\u0326\ud835\udc56 \ud835\udc34\ud835\udc60\ud835\udc5c\ud835\udc50\ud835\udc56\ud835\udc4e\ud835\udc61\u0326\ud835\udc56\ud835\udc4e \ud835\udc36\ud835\udc52\ud835\udc5b\ud835\udc61\ud835\udc5f\ud835\udc62\ud835\udc59 \ud835\udc5d\ud835\udc52\ud835\udc5b\ud835\udc61\ud835\udc5f\ud835\udc62 \ud835\udc38\ud835\udc51\ud835\udc62\ud835\udc50\ud835\udc4e\ud835\udc61\u0326\ud835\udc56\ud835\udc52 \ud835\udc60\u0326\ud835\udc56 \ud835\udc37\ud835\udc5f\ud835\udc52\ud835\udc5d\ud835\udc61\ud835\udc62\ud835\udc5f\ud835\udc56\ud835\udc59\ud835\udc52 \ud835\udc42\ud835\udc5a\ud835\udc62\ud835\udc59\ud835\udc62\ud835\udc56 \u2013 \ud835\udc34\ud835\udc36\ud835\udc38\ud835\udc37\ud835\udc42 \ud835\udc50\ud835\udc62 \ud835\udc60\ud835\udc5d\ud835\udc5f\ud835\udc56\ud835\udc57\ud835\udc56\ud835\udc5b\ud835\udc62\ud835\udc59 \ud835\udc53\ud835\udc56\ud835\udc5b\ud835\udc4e\ud835\udc5b\ud835\udc50\ud835\udc56\ud835\udc4e\ud835\udc5f \ud835\udc34\ud835\udc50\ud835\udc61\ud835\udc56\ud835\udc63\ud835\udc52 \ud835\udc36\ud835\udc56\ud835\udc61\ud835\udc56\ud835\udc67\ud835\udc52\ud835\udc5b\ud835\udc60 \ud835\udc39\ud835\udc62\ud835\udc5b\ud835\udc51 \ud835\udc45\ud835\udc5c\ud835\udc5a\ud835\udc4e\u0302\ud835\udc5b\ud835\udc56\ud835\udc4e, \ud835\udc5d\ud835\udc5f\ud835\udc5c\ud835\udc54\ud835\udc5f\ud835\udc4e\ud835\udc5a \ud835\udc53\ud835\udc56\ud835\udc5b\ud835\udc4e\ud835\udc5b\ud835\udc61\u0326\ud835\udc4e\ud835\udc61 \ud835\udc51\ud835\udc52 \ud835\udc3c\ud835\udc60\ud835\udc59\ud835\udc4e\ud835\udc5b\ud835\udc51\ud835\udc4e, \ud835\udc3f\ud835\udc56\ud835\udc52\ud835\udc50\u210e\ud835\udc61\ud835\udc52\ud835\udc5b\ud835\udc60\ud835\udc61\ud835\udc52\ud835\udc56\ud835\udc5b \ud835\udc60\u0326\ud835\udc56 \ud835\udc41\ud835\udc5c\ud835\udc5f\ud835\udc63\ud835\udc52\ud835\udc54\ud835\udc56\ud835\udc4e \ud835\udc5d\ud835\udc5f\ud835\udc56\ud835\udc5b \ud835\udc3a\ud835\udc5f\ud835\udc4e\ud835\udc5b\ud835\udc61\ud835\udc62\ud835\udc5f\ud835\udc56\ud835\udc59\ud835\udc52 \ud835\udc46\ud835\udc38\ud835\udc38 2014-2021. \ud835\udc46\ud835\udc50\ud835\udc5c\ud835\udc5d\ud835\udc62\ud835\udc59 \ud835\udc5d\ud835\udc5f\ud835\udc5c\ud835\udc56\ud835\udc52\ud835\udc50\ud835\udc61\ud835\udc62\ud835\udc59\ud835\udc62\ud835\udc56 \ud835\udc52\ud835\udc60\ud835\udc61\ud835\udc52 \ud835\udc50\ud835\udc5f\ud835\udc52\ud835\udc60\u0326\ud835\udc61\ud835\udc52\ud835\udc5f\ud835\udc52\ud835\udc4e \ud835\udc50\ud835\udc4e\ud835\udc5d\ud835\udc4e\ud835\udc50\ud835\udc56\ud835\udc61\ud835\udc4e\u0306\ud835\udc5f\ud835\udc56\ud835\udc56 \ud835\udc54\ud835\udc5f\ud835\udc62\ud835\udc5d\ud835\udc62\ud835\udc5f\ud835\udc56\ud835\udc59\ud835\udc5c\ud835\udc5f \ud835\udc63\ud835\udc62\ud835\udc59\ud835\udc5b\ud835\udc52\ud835\udc5f\ud835\udc4e\ud835\udc4f\ud835\udc56\ud835\udc59\ud835\udc52 \ud835\udc51\ud835\udc56\ud835\udc5b 12 \ud835\udc50\ud835\udc5c\ud835\udc5a\ud835\udc62\ud835\udc5b\ud835\udc56\ud835\udc61\ud835\udc4e\u0306\ud835\udc61\u0326\ud835\udc56 \ud835\udc5f\ud835\udc62\ud835\udc5f\ud835\udc4e\ud835\udc59\ud835\udc52 \ud835\udc56\ud835\udc5b\ud835\udc61\ud835\udc52\ud835\udc5f\ud835\udc52\ud835\udc61\ud835\udc5b\ud835\udc56\ud835\udc50\ud835\udc52 \ud835\udc51\ud835\udc56\ud835\udc5b \ud835\udc57\ud835\udc62\ud835\udc51\ud835\udc52\ud835\udc61\u0326\ud835\udc52\ud835\udc59\ud835\udc52 \ud835\udc35\ud835\udc5f\ud835\udc4e\u0306\ud835\udc56\ud835\udc59\ud835\udc4e, \ud835\udc36\ud835\udc4e\u0306\ud835\udc59\ud835\udc4e\u0306\ud835\udc5f\ud835\udc4e\ud835\udc60\u0326\ud835\udc56 \ud835\udc60\u0326\ud835\udc56 \ud835\udc36\ud835\udc5c\ud835\udc5b\ud835\udc60\ud835\udc61\ud835\udc4e\ud835\udc5b\ud835\udc61\u0326\ud835\udc4e.<\/p>\n\n\n\n<p><a href=\"https:\/\/www.facebook.com\/hashtag\/haide?__eep__=6&amp;__cft__[0]=AZWHCdlvKOjJ0tWSCzZi0NVIPeJOwjos5LtowRmFFmwayl8TLbG6iJnzX83ZqE0mn_YlOULJJXqtfB5wUssp3WzpiSt-ltzU202tr8IKMY6OuV2KYc8QPtus79wrvAIaYES3-vgMdZNxMOc_OS2d2ma1ZHvYRODznwlRF1shHtWDvGVpOxlnHHyoudfhIBhNQZL_NDjHLFSbnIA8dmRrq8lFR1ZQ-3Ac-9HarUttfGmFwbDVRV9ayC_4mrbRR8ZiNV4&amp;__tn__=*NK-R\" target=\"_blank\" rel=\"noopener\">#haide<\/a><a href=\"https:\/\/www.facebook.com\/hashtag\/activecitizensfund?__eep__=6&amp;__cft__[0]=AZWHCdlvKOjJ0tWSCzZi0NVIPeJOwjos5LtowRmFFmwayl8TLbG6iJnzX83ZqE0mn_YlOULJJXqtfB5wUssp3WzpiSt-ltzU202tr8IKMY6OuV2KYc8QPtus79wrvAIaYES3-vgMdZNxMOc_OS2d2ma1ZHvYRODznwlRF1shHtWDvGVpOxlnHHyoudfhIBhNQZL_NDjHLFSbnIA8dmRrq8lFR1ZQ-3Ac-9HarUttfGmFwbDVRV9ayC_4mrbRR8ZiNV4&amp;__tn__=*NK-R\" target=\"_blank\" rel=\"noopener\">#ActiveCitizensFund<\/a><a href=\"https:\/\/www.facebook.com\/hashtag\/romania?__eep__=6&amp;__cft__[0]=AZWHCdlvKOjJ0tWSCzZi0NVIPeJOwjos5LtowRmFFmwayl8TLbG6iJnzX83ZqE0mn_YlOULJJXqtfB5wUssp3WzpiSt-ltzU202tr8IKMY6OuV2KYc8QPtus79wrvAIaYES3-vgMdZNxMOc_OS2d2ma1ZHvYRODznwlRF1shHtWDvGVpOxlnHHyoudfhIBhNQZL_NDjHLFSbnIA8dmRrq8lFR1ZQ-3Ac-9HarUttfGmFwbDVRV9ayC_4mrbRR8ZiNV4&amp;__tn__=*NK-R\" target=\"_blank\" rel=\"noopener\">#Romania<\/a><a href=\"https:\/\/www.facebook.com\/hashtag\/activecitizens?__eep__=6&amp;__cft__[0]=AZWHCdlvKOjJ0tWSCzZi0NVIPeJOwjos5LtowRmFFmwayl8TLbG6iJnzX83ZqE0mn_YlOULJJXqtfB5wUssp3WzpiSt-ltzU202tr8IKMY6OuV2KYc8QPtus79wrvAIaYES3-vgMdZNxMOc_OS2d2ma1ZHvYRODznwlRF1shHtWDvGVpOxlnHHyoudfhIBhNQZL_NDjHLFSbnIA8dmRrq8lFR1ZQ-3Ac-9HarUttfGmFwbDVRV9ayC_4mrbRR8ZiNV4&amp;__tn__=*NK-R\" target=\"_blank\" rel=\"noopener\">#activecitizens<\/a><a href=\"https:\/\/www.facebook.com\/hashtag\/eeanorwaygrants?__eep__=6&amp;__cft__[0]=AZWHCdlvKOjJ0tWSCzZi0NVIPeJOwjos5LtowRmFFmwayl8TLbG6iJnzX83ZqE0mn_YlOULJJXqtfB5wUssp3WzpiSt-ltzU202tr8IKMY6OuV2KYc8QPtus79wrvAIaYES3-vgMdZNxMOc_OS2d2ma1ZHvYRODznwlRF1shHtWDvGVpOxlnHHyoudfhIBhNQZL_NDjHLFSbnIA8dmRrq8lFR1ZQ-3Ac-9HarUttfGmFwbDVRV9ayC_4mrbRR8ZiNV4&amp;__tn__=*NK-R\" target=\"_blank\" rel=\"noopener\">#EEANorwayGrants<\/a><\/p>\n","protected":false},"excerpt":{"rendered":"<p>Ast\u0103zi, 30 martie 2021, are loc evenimentul de lansare a proiectului \u201eCapacitarea \u0219i Abilitarea Romilor prin Lobby \u0219i Ac\u021biune*\u201d. Discu\u021bia este centrat\u0103 pe trei mari piloni, \u0219i anume: \u00cen ce m\u0103sur\u0103 romii sunt parte a planurilor de ac\u021biune local\u0103\/ strategiilor locale elaborate de APL-uri? Sistemul educa\u021bional de la nivel local este unul incluziv pentru to\u021bi elevii s\u0103i, implicit \u0219i pentru elevii romi? Care este responsabilitatea societ\u0103\u021bii civile \u00een reprezentarea romilor la nivel local? Proiectul \u201eCapacitarea \u0219i Abilitarea Romilor prin Lobby \u0219i Ac\u021biune\u201d este implementat \u00een perioada 01.03.2021-31.08.2022 \u0219i \u00ee\u0219i propune cre\u0219terea capacit\u0103\u021bii grupurilor vulnerabile din 12 comunit\u0103\u021bi rurale interetnice. \ud835\udc0f\ud835\udc2b\ud835\udc22\ud835\udc27\ud835\udc1c\ud835\udc22\ud835\udc29\ud835\udc1a\ud835\udc25\ud835\udc1e\ud835\udc25\ud835\udc1e\u2026<\/p>\n","protected":false},"author":1,"featured_media":1028,"comment_status":"open","ping_status":"open","sticky":false,"template":"","format":"standard","meta":{"qubely_global_settings":"","qubely_interactions":"","footnotes":""},"categories":[2],"tags":[],"class_list":["post-1026","post","type-post","status-publish","format-standard","has-post-thumbnail","hentry","category-news"],"blocksy_meta":{"styles_descriptor":{"styles":{"desktop":"","tablet":"","mobile":""},"google_fonts":[]}},"qubely_featured_image_url":{"full":["https:\/\/www.agentiaimpreuna.ro\/capacitarea-romilor\/wp-content\/uploads\/2022\/07\/Snip20220719_16.png",1148,572,false],"landscape":["https:\/\/www.agentiaimpreuna.ro\/capacitarea-romilor\/wp-content\/uploads\/2022\/07\/Snip20220719_16.png",1148,572,false],"portraits":["https:\/\/www.agentiaimpreuna.ro\/capacitarea-romilor\/wp-content\/uploads\/2022\/07\/Snip20220719_16-540x320.png",540,320,true],"thumbnail":["https:\/\/www.agentiaimpreuna.ro\/capacitarea-romilor\/wp-content\/uploads\/2022\/07\/Snip20220719_16-150x150.png",150,150,true],"medium":["https:\/\/www.agentiaimpreuna.ro\/capacitarea-romilor\/wp-content\/uploads\/2022\/07\/Snip20220719_16-300x149.png",300,149,true],"medium_large":["https:\/\/www.agentiaimpreuna.ro\/capacitarea-romilor\/wp-content\/uploads\/2022\/07\/Snip20220719_16-768x383.png",768,383,true],"large":["https:\/\/www.agentiaimpreuna.ro\/capacitarea-romilor\/wp-content\/uploads\/2022\/07\/Snip20220719_16-1024x510.png",1024,510,true],"1536x1536":["https:\/\/www.agentiaimpreuna.ro\/capacitarea-romilor\/wp-content\/uploads\/2022\/07\/Snip20220719_16.png",1148,572,false],"2048x2048":["https:\/\/www.agentiaimpreuna.ro\/capacitarea-romilor\/wp-content\/uploads\/2022\/07\/Snip20220719_16.png",1148,572,false],"trp-custom-language-flag":["https:\/\/www.agentiaimpreuna.ro\/capacitarea-romilor\/wp-content\/uploads\/2022\/07\/Snip20220719_16-18x9.png",18,9,true],"qubely_landscape":["https:\/\/www.agentiaimpreuna.ro\/capacitarea-romilor\/wp-content\/uploads\/2022\/07\/Snip20220719_16.png",1148,572,false],"qubely_portrait":["https:\/\/www.agentiaimpreuna.ro\/capacitarea-romilor\/wp-content\/uploads\/2022\/07\/Snip20220719_16-540x320.png",540,320,true],"qubely_thumbnail":["https:\/\/www.agentiaimpreuna.ro\/capacitarea-romilor\/wp-content\/uploads\/2022\/07\/Snip20220719_16-140x100.png",140,100,true]},"qubely_author":{"display_name":"agenadmin","author_link":"https:\/\/www.agentiaimpreuna.ro\/capacitarea-romilor\/author\/agenadmin\/"},"qubely_comment":0,"qubely_category":"<a href=\"https:\/\/www.agentiaimpreuna.ro\/capacitarea-romilor\/category\/news\/\" rel=\"category tag\">News<\/a>","qubely_excerpt":"Ast\u0103zi, 30 martie 2021, are loc evenimentul de lansare a proiectului \u201eCapacitarea \u0219i Abilitarea Romilor prin Lobby \u0219i Ac\u021biune*\u201d. Discu\u021bia este centrat\u0103 pe trei mari piloni, \u0219i anume: \u00cen ce m\u0103sur\u0103 romii sunt parte a planurilor de ac\u021biune local\u0103\/ strategiilor locale elaborate de APL-uri? Sistemul educa\u021bional de la nivel local este unul incluziv pentru to\u021bi&hellip;","featured_image_urls":{"full":["https:\/\/www.agentiaimpreuna.ro\/capacitarea-romilor\/wp-content\/uploads\/2022\/07\/Snip20220719_16.png",1148,572,false],"thumbnail":["https:\/\/www.agentiaimpreuna.ro\/capacitarea-romilor\/wp-content\/uploads\/2022\/07\/Snip20220719_16-150x150.png",150,150,true],"medium":["https:\/\/www.agentiaimpreuna.ro\/capacitarea-romilor\/wp-content\/uploads\/2022\/07\/Snip20220719_16-300x149.png",300,149,true],"medium_large":["https:\/\/www.agentiaimpreuna.ro\/capacitarea-romilor\/wp-content\/uploads\/2022\/07\/Snip20220719_16-768x383.png",768,383,true],"large":["https:\/\/www.agentiaimpreuna.ro\/capacitarea-romilor\/wp-content\/uploads\/2022\/07\/Snip20220719_16-1024x510.png",1024,510,true],"1536x1536":["https:\/\/www.agentiaimpreuna.ro\/capacitarea-romilor\/wp-content\/uploads\/2022\/07\/Snip20220719_16.png",1148,572,false],"2048x2048":["https:\/\/www.agentiaimpreuna.ro\/capacitarea-romilor\/wp-content\/uploads\/2022\/07\/Snip20220719_16.png",1148,572,false],"trp-custom-language-flag":["https:\/\/www.agentiaimpreuna.ro\/capacitarea-romilor\/wp-content\/uploads\/2022\/07\/Snip20220719_16-18x9.png",18,9,true],"qubely_landscape":["https:\/\/www.agentiaimpreuna.ro\/capacitarea-romilor\/wp-content\/uploads\/2022\/07\/Snip20220719_16.png",1148,572,false],"qubely_portrait":["https:\/\/www.agentiaimpreuna.ro\/capacitarea-romilor\/wp-content\/uploads\/2022\/07\/Snip20220719_16-540x320.png",540,320,true],"qubely_thumbnail":["https:\/\/www.agentiaimpreuna.ro\/capacitarea-romilor\/wp-content\/uploads\/2022\/07\/Snip20220719_16-140x100.png",140,100,true]},"post_excerpt_stackable":"<p>Ast\u0103zi, 30 martie 2021, are loc evenimentul de lansare a proiectului \u201eCapacitarea \u0219i Abilitarea Romilor prin Lobby \u0219i Ac\u021biune*\u201d. Discu\u021bia este centrat\u0103 pe trei mari piloni, \u0219i anume: \u00cen ce m\u0103sur\u0103 romii sunt parte a planurilor de ac\u021biune local\u0103\/ strategiilor locale elaborate de APL-uri? Sistemul educa\u021bional de la nivel local este unul incluziv pentru to\u021bi elevii s\u0103i, implicit \u0219i pentru elevii romi? Care este responsabilitatea societ\u0103\u021bii civile \u00een reprezentarea romilor la nivel local? Proiectul \u201eCapacitarea \u0219i Abilitarea Romilor prin Lobby \u0219i Ac\u021biune\u201d este implementat \u00een perioada 01.03.2021-31.08.2022 \u0219i \u00ee\u0219i propune cre\u0219terea capacit\u0103\u021bii grupurilor vulnerabile din 12 comunit\u0103\u021bi rurale interetnice. \ud835\udc0f\ud835\udc2b\ud835\udc22\ud835\udc27\ud835\udc1c\ud835\udc22\ud835\udc29\ud835\udc1a\ud835\udc25\ud835\udc1e\ud835\udc25\ud835\udc1e&hellip;<\/p>\n","category_list":"<a href=\"https:\/\/www.agentiaimpreuna.ro\/capacitarea-romilor\/category\/news\/\" rel=\"category tag\">News<\/a>","author_info":{"name":"agenadmin","url":"https:\/\/www.agentiaimpreuna.ro\/capacitarea-romilor\/author\/agenadmin\/"},"comments_num":"0 comments","featured_image_urls_v2":{"full":["https:\/\/www.agentiaimpreuna.ro\/capacitarea-romilor\/wp-content\/uploads\/2022\/07\/Snip20220719_16.png",1148,572,false],"thumbnail":["https:\/\/www.agentiaimpreuna.ro\/capacitarea-romilor\/wp-content\/uploads\/2022\/07\/Snip20220719_16-150x150.png",150,150,true],"medium":["https:\/\/www.agentiaimpreuna.ro\/capacitarea-romilor\/wp-content\/uploads\/2022\/07\/Snip20220719_16-300x149.png",300,149,true],"medium_large":["https:\/\/www.agentiaimpreuna.ro\/capacitarea-romilor\/wp-content\/uploads\/2022\/07\/Snip20220719_16-768x383.png",768,383,true],"large":["https:\/\/www.agentiaimpreuna.ro\/capacitarea-romilor\/wp-content\/uploads\/2022\/07\/Snip20220719_16-1024x510.png",1024,510,true],"1536x1536":["https:\/\/www.agentiaimpreuna.ro\/capacitarea-romilor\/wp-content\/uploads\/2022\/07\/Snip20220719_16.png",1148,572,false],"2048x2048":["https:\/\/www.agentiaimpreuna.ro\/capacitarea-romilor\/wp-content\/uploads\/2022\/07\/Snip20220719_16.png",1148,572,false],"trp-custom-language-flag":["https:\/\/www.agentiaimpreuna.ro\/capacitarea-romilor\/wp-content\/uploads\/2022\/07\/Snip20220719_16-18x9.png",18,9,true],"qubely_landscape":["https:\/\/www.agentiaimpreuna.ro\/capacitarea-romilor\/wp-content\/uploads\/2022\/07\/Snip20220719_16.png",1148,572,false],"qubely_portrait":["https:\/\/www.agentiaimpreuna.ro\/capacitarea-romilor\/wp-content\/uploads\/2022\/07\/Snip20220719_16-540x320.png",540,320,true],"qubely_thumbnail":["https:\/\/www.agentiaimpreuna.ro\/capacitarea-romilor\/wp-content\/uploads\/2022\/07\/Snip20220719_16-140x100.png",140,100,true]},"post_excerpt_stackable_v2":"<p>Ast\u0103zi, 30 martie 2021, are loc evenimentul de lansare a proiectului \u201eCapacitarea \u0219i Abilitarea Romilor prin Lobby \u0219i Ac\u021biune*\u201d. Discu\u021bia este centrat\u0103 pe trei mari piloni, \u0219i anume: \u00cen ce m\u0103sur\u0103 romii sunt parte a planurilor de ac\u021biune local\u0103\/ strategiilor locale elaborate de APL-uri? Sistemul educa\u021bional de la nivel local este unul incluziv pentru to\u021bi elevii s\u0103i, implicit \u0219i pentru elevii romi? Care este responsabilitatea societ\u0103\u021bii civile \u00een reprezentarea romilor la nivel local? Proiectul \u201eCapacitarea \u0219i Abilitarea Romilor prin Lobby \u0219i Ac\u021biune\u201d este implementat \u00een perioada 01.03.2021-31.08.2022 \u0219i \u00ee\u0219i propune cre\u0219terea capacit\u0103\u021bii grupurilor vulnerabile din 12 comunit\u0103\u021bi rurale interetnice. \ud835\udc0f\ud835\udc2b\ud835\udc22\ud835\udc27\ud835\udc1c\ud835\udc22\ud835\udc29\ud835\udc1a\ud835\udc25\ud835\udc1e\ud835\udc25\ud835\udc1e&hellip;<\/p>\n","category_list_v2":"<a href=\"https:\/\/www.agentiaimpreuna.ro\/capacitarea-romilor\/category\/news\/\" rel=\"category tag\">News<\/a>","author_info_v2":{"name":"agenadmin","url":"https:\/\/www.agentiaimpreuna.ro\/capacitarea-romilor\/author\/agenadmin\/"},"comments_num_v2":"0 comments","_links":{"self":[{"href":"https:\/\/www.agentiaimpreuna.ro\/capacitarea-romilor\/wp-json\/wp\/v2\/posts\/1026","targetHints":{"allow":["GET"]}}],"collection":[{"href":"https:\/\/www.agentiaimpreuna.ro\/capacitarea-romilor\/wp-json\/wp\/v2\/posts"}],"about":[{"href":"https:\/\/www.agentiaimpreuna.ro\/capacitarea-romilor\/wp-json\/wp\/v2\/types\/post"}],"author":[{"embeddable":true,"href":"https:\/\/www.agentiaimpreuna.ro\/capacitarea-romilor\/wp-json\/wp\/v2\/users\/1"}],"replies":[{"embeddable":true,"href":"https:\/\/www.agentiaimpreuna.ro\/capacitarea-romilor\/wp-json\/wp\/v2\/comments?post=1026"}],"version-history":[{"count":3,"href":"https:\/\/www.agentiaimpreuna.ro\/capacitarea-romilor\/wp-json\/wp\/v2\/posts\/1026\/revisions"}],"predecessor-version":[{"id":1033,"href":"https:\/\/www.agentiaimpreuna.ro\/capacitarea-romilor\/wp-json\/wp\/v2\/posts\/1026\/revisions\/1033"}],"wp:featuredmedia":[{"embeddable":true,"href":"https:\/\/www.agentiaimpreuna.ro\/capacitarea-romilor\/wp-json\/wp\/v2\/media\/1028"}],"wp:attachment":[{"href":"https:\/\/www.agentiaimpreuna.ro\/capacitarea-romilor\/wp-json\/wp\/v2\/media?parent=1026"}],"wp:term":[{"taxonomy":"category","embeddable":true,"href":"https:\/\/www.agentiaimpreuna.ro\/capacitarea-romilor\/wp-json\/wp\/v2\/categories?post=1026"},{"taxonomy":"post_tag","embeddable":true,"href":"https:\/\/www.agentiaimpreuna.ro\/capacitarea-romilor\/wp-json\/wp\/v2\/tags?post=1026"}],"curies":[{"name":"wp","href":"https:\/\/api.w.org\/{rel}","templated":true}]}}