{"id":1014,"date":"2022-07-18T15:21:17","date_gmt":"2022-07-18T15:21:17","guid":{"rendered":"https:\/\/www.agentiaimpreuna.ro\/capacitarea-romilor\/?p=1014"},"modified":"2022-07-19T08:29:52","modified_gmt":"2022-07-19T08:29:52","slug":"podcast-impreuna-iulian-paraschiv-am-ajuns-sa-etnicizam-saracia","status":"publish","type":"post","link":"https:\/\/www.agentiaimpreuna.ro\/capacitarea-romilor\/2022\/07\/18\/podcast-impreuna-iulian-paraschiv-am-ajuns-sa-etnicizam-saracia\/","title":{"rendered":"podcast \u00cempreun\u0103: Iulian Paraschiv &#8211; Am ajuns s\u0103 etniciz\u0103m s\u0103r\u0103cia"},"content":{"rendered":"\n<p>Iulian Paraschiv este parte din Partida Romilor \u0219i pre\u0219edintele Agen\u021biei Na\u021bionale pentru Romi. Am povestit cu Iulian, pentru episodul #30 din podcastul \u201e\u00cempreun\u0103\u201d despre mobilizare comunitar\u0103, con\u0219tiin\u021b\u0103 civic\u0103 \u0219i stigm\u0103.<\/p>\n\n\n\n<p>\u201eAvem nevoie ca \u00een \u0219colile din Rom\u00e2nia, de exemplu, s\u0103 se vorbeasc\u0103 \u0219i despre felul \u00een care romii au contribuit la \u00eentregirea \u021b\u0103rii noastre\u201d, spune Iulian. \u201eAvem nevoie s\u0103 prezent\u0103m eroi, avem nevoie s\u0103 prezent\u0103m modele din s\u00e2nul comunit\u0103\u021bii.\u201d<\/p>\n\n\n\n<p>Iulian crede c\u0103 cel mai important este lucrul \u00een comunitate, s\u0103 \u201ecobor\u00e2m\u201d la nivel local, s\u0103 vedem problemele din cadrul comunit\u0103\u021bilor, s\u0103 \u00eei ascult\u0103m pe oameni \u0219i s\u0103 ne apropiem de ei.<\/p>\n\n\n\n<p>Reg\u0103si\u021bi discu\u021bia cu Iulian Paraschiv aici: <a href=\"https:\/\/youtu.be\/Sl4YdV31gGA?fbclid=IwAR0yP1D1obTxIupy2BSghiT7LmgHQNn8AqUZ2omOmfZpyUjzZLs9XPraLoI\" target=\"_blank\" rel=\"noreferrer noopener\">https:\/\/youtu.be\/Sl4YdV31gGA<\/a><\/p>\n\n\n\n<figure class=\"wp-block-image size-large\"><img loading=\"lazy\" decoding=\"async\" width=\"1024\" height=\"597\" src=\"https:\/\/www.agentiaimpreuna.ro\/capacitarea-romilor\/wp-content\/uploads\/2022\/07\/65dd07cd-abbe-4da1-8fdf-50cc0037374e-1-1024x597.jpg\" alt=\"\" class=\"wp-image-1016\" srcset=\"https:\/\/www.agentiaimpreuna.ro\/capacitarea-romilor\/wp-content\/uploads\/2022\/07\/65dd07cd-abbe-4da1-8fdf-50cc0037374e-1-1024x597.jpg 1024w, https:\/\/www.agentiaimpreuna.ro\/capacitarea-romilor\/wp-content\/uploads\/2022\/07\/65dd07cd-abbe-4da1-8fdf-50cc0037374e-1-300x175.jpg 300w, https:\/\/www.agentiaimpreuna.ro\/capacitarea-romilor\/wp-content\/uploads\/2022\/07\/65dd07cd-abbe-4da1-8fdf-50cc0037374e-1-768x448.jpg 768w, https:\/\/www.agentiaimpreuna.ro\/capacitarea-romilor\/wp-content\/uploads\/2022\/07\/65dd07cd-abbe-4da1-8fdf-50cc0037374e-1-1536x896.jpg 1536w, https:\/\/www.agentiaimpreuna.ro\/capacitarea-romilor\/wp-content\/uploads\/2022\/07\/65dd07cd-abbe-4da1-8fdf-50cc0037374e-1-18x10.jpg 18w, https:\/\/www.agentiaimpreuna.ro\/capacitarea-romilor\/wp-content\/uploads\/2022\/07\/65dd07cd-abbe-4da1-8fdf-50cc0037374e-1.jpg 1600w\" sizes=\"auto, (max-width: 1024px) 100vw, 1024px\" \/><\/figure>\n\n\n\n<p><em>P.S: Interviul cu Iulian Paraschiv face parte dintr-o serie de discu\u021bii cu voci rome care produc schimbare \u2013 parte a proiectului \u201eCapacitarea \u0219i Abilitarea Romilor prin Lobby \u0219i Ac\u021biune\u201d, a c\u0103rui scop este cre\u0219terea capacit\u0103rii grupurilor vulnerabile din 12 comunit\u0103\u021bi rurale interetnice din jude\u021bele C\u0103l\u0103ra\u0219i, Br\u0103ila \u0219i Constan\u021ba.<\/em><\/p>\n","protected":false},"excerpt":{"rendered":"<p>Iulian Paraschiv este parte din Partida Romilor \u0219i pre\u0219edintele Agen\u021biei Na\u021bionale pentru Romi. Am povestit cu Iulian, pentru episodul #30 din podcastul \u201e\u00cempreun\u0103\u201d despre mobilizare comunitar\u0103, con\u0219tiin\u021b\u0103 civic\u0103 \u0219i stigm\u0103. \u201eAvem nevoie ca \u00een \u0219colile din Rom\u00e2nia, de exemplu, s\u0103 se vorbeasc\u0103 \u0219i despre felul \u00een care romii au contribuit la \u00eentregirea \u021b\u0103rii noastre\u201d, spune Iulian. \u201eAvem nevoie s\u0103 prezent\u0103m eroi, avem nevoie s\u0103 prezent\u0103m modele din s\u00e2nul comunit\u0103\u021bii.\u201d Iulian crede c\u0103 cel mai important este lucrul \u00een comunitate, s\u0103 \u201ecobor\u00e2m\u201d la nivel local, s\u0103 vedem problemele din cadrul comunit\u0103\u021bilor, s\u0103 \u00eei ascult\u0103m pe oameni \u0219i s\u0103 ne apropiem de\u2026<\/p>\n","protected":false},"author":1,"featured_media":1015,"comment_status":"open","ping_status":"open","sticky":false,"template":"","format":"standard","meta":{"qubely_global_settings":"","qubely_interactions":"","footnotes":""},"categories":[2],"tags":[],"class_list":["post-1014","post","type-post","status-publish","format-standard","has-post-thumbnail","hentry","category-news"],"blocksy_meta":{"styles_descriptor":{"styles":{"desktop":"","tablet":"","mobile":""},"google_fonts":[]}},"qubely_featured_image_url":{"full":["https:\/\/www.agentiaimpreuna.ro\/capacitarea-romilor\/wp-content\/uploads\/2022\/07\/65dd07cd-abbe-4da1-8fdf-50cc0037374e.jpg",1600,933,false],"landscape":["https:\/\/www.agentiaimpreuna.ro\/capacitarea-romilor\/wp-content\/uploads\/2022\/07\/65dd07cd-abbe-4da1-8fdf-50cc0037374e-1200x750.jpg",1200,750,true],"portraits":["https:\/\/www.agentiaimpreuna.ro\/capacitarea-romilor\/wp-content\/uploads\/2022\/07\/65dd07cd-abbe-4da1-8fdf-50cc0037374e-540x320.jpg",540,320,true],"thumbnail":["https:\/\/www.agentiaimpreuna.ro\/capacitarea-romilor\/wp-content\/uploads\/2022\/07\/65dd07cd-abbe-4da1-8fdf-50cc0037374e-150x150.jpg",150,150,true],"medium":["https:\/\/www.agentiaimpreuna.ro\/capacitarea-romilor\/wp-content\/uploads\/2022\/07\/65dd07cd-abbe-4da1-8fdf-50cc0037374e-300x175.jpg",300,175,true],"medium_large":["https:\/\/www.agentiaimpreuna.ro\/capacitarea-romilor\/wp-content\/uploads\/2022\/07\/65dd07cd-abbe-4da1-8fdf-50cc0037374e-768x448.jpg",768,448,true],"large":["https:\/\/www.agentiaimpreuna.ro\/capacitarea-romilor\/wp-content\/uploads\/2022\/07\/65dd07cd-abbe-4da1-8fdf-50cc0037374e-1024x597.jpg",1024,597,true],"1536x1536":["https:\/\/www.agentiaimpreuna.ro\/capacitarea-romilor\/wp-content\/uploads\/2022\/07\/65dd07cd-abbe-4da1-8fdf-50cc0037374e-1536x896.jpg",1536,896,true],"2048x2048":["https:\/\/www.agentiaimpreuna.ro\/capacitarea-romilor\/wp-content\/uploads\/2022\/07\/65dd07cd-abbe-4da1-8fdf-50cc0037374e.jpg",1600,933,false],"trp-custom-language-flag":["https:\/\/www.agentiaimpreuna.ro\/capacitarea-romilor\/wp-content\/uploads\/2022\/07\/65dd07cd-abbe-4da1-8fdf-50cc0037374e-18x10.jpg",18,10,true],"qubely_landscape":["https:\/\/www.agentiaimpreuna.ro\/capacitarea-romilor\/wp-content\/uploads\/2022\/07\/65dd07cd-abbe-4da1-8fdf-50cc0037374e-1200x750.jpg",1200,750,true],"qubely_portrait":["https:\/\/www.agentiaimpreuna.ro\/capacitarea-romilor\/wp-content\/uploads\/2022\/07\/65dd07cd-abbe-4da1-8fdf-50cc0037374e-540x320.jpg",540,320,true],"qubely_thumbnail":["https:\/\/www.agentiaimpreuna.ro\/capacitarea-romilor\/wp-content\/uploads\/2022\/07\/65dd07cd-abbe-4da1-8fdf-50cc0037374e-140x100.jpg",140,100,true]},"qubely_author":{"display_name":"agenadmin","author_link":"https:\/\/www.agentiaimpreuna.ro\/capacitarea-romilor\/author\/agenadmin\/"},"qubely_comment":39,"qubely_category":"<a href=\"https:\/\/www.agentiaimpreuna.ro\/capacitarea-romilor\/category\/news\/\" rel=\"category tag\">News<\/a>","qubely_excerpt":"Iulian Paraschiv este parte din Partida Romilor \u0219i pre\u0219edintele Agen\u021biei Na\u021bionale pentru Romi. Am povestit cu Iulian, pentru episodul #30 din podcastul \u201e\u00cempreun\u0103\u201d despre mobilizare comunitar\u0103, con\u0219tiin\u021b\u0103 civic\u0103 \u0219i stigm\u0103. \u201eAvem nevoie ca \u00een \u0219colile din Rom\u00e2nia, de exemplu, s\u0103 se vorbeasc\u0103 \u0219i despre felul \u00een care romii au contribuit la \u00eentregirea \u021b\u0103rii noastre\u201d, spune&hellip;","featured_image_urls":{"full":["https:\/\/www.agentiaimpreuna.ro\/capacitarea-romilor\/wp-content\/uploads\/2022\/07\/65dd07cd-abbe-4da1-8fdf-50cc0037374e.jpg",1600,933,false],"thumbnail":["https:\/\/www.agentiaimpreuna.ro\/capacitarea-romilor\/wp-content\/uploads\/2022\/07\/65dd07cd-abbe-4da1-8fdf-50cc0037374e-150x150.jpg",150,150,true],"medium":["https:\/\/www.agentiaimpreuna.ro\/capacitarea-romilor\/wp-content\/uploads\/2022\/07\/65dd07cd-abbe-4da1-8fdf-50cc0037374e-300x175.jpg",300,175,true],"medium_large":["https:\/\/www.agentiaimpreuna.ro\/capacitarea-romilor\/wp-content\/uploads\/2022\/07\/65dd07cd-abbe-4da1-8fdf-50cc0037374e-768x448.jpg",768,448,true],"large":["https:\/\/www.agentiaimpreuna.ro\/capacitarea-romilor\/wp-content\/uploads\/2022\/07\/65dd07cd-abbe-4da1-8fdf-50cc0037374e-1024x597.jpg",1024,597,true],"1536x1536":["https:\/\/www.agentiaimpreuna.ro\/capacitarea-romilor\/wp-content\/uploads\/2022\/07\/65dd07cd-abbe-4da1-8fdf-50cc0037374e-1536x896.jpg",1536,896,true],"2048x2048":["https:\/\/www.agentiaimpreuna.ro\/capacitarea-romilor\/wp-content\/uploads\/2022\/07\/65dd07cd-abbe-4da1-8fdf-50cc0037374e.jpg",1600,933,false],"trp-custom-language-flag":["https:\/\/www.agentiaimpreuna.ro\/capacitarea-romilor\/wp-content\/uploads\/2022\/07\/65dd07cd-abbe-4da1-8fdf-50cc0037374e-18x10.jpg",18,10,true],"qubely_landscape":["https:\/\/www.agentiaimpreuna.ro\/capacitarea-romilor\/wp-content\/uploads\/2022\/07\/65dd07cd-abbe-4da1-8fdf-50cc0037374e-1200x750.jpg",1200,750,true],"qubely_portrait":["https:\/\/www.agentiaimpreuna.ro\/capacitarea-romilor\/wp-content\/uploads\/2022\/07\/65dd07cd-abbe-4da1-8fdf-50cc0037374e-540x320.jpg",540,320,true],"qubely_thumbnail":["https:\/\/www.agentiaimpreuna.ro\/capacitarea-romilor\/wp-content\/uploads\/2022\/07\/65dd07cd-abbe-4da1-8fdf-50cc0037374e-140x100.jpg",140,100,true]},"post_excerpt_stackable":"<p>Iulian Paraschiv este parte din Partida Romilor \u0219i pre\u0219edintele Agen\u021biei Na\u021bionale pentru Romi. Am povestit cu Iulian, pentru episodul #30 din podcastul \u201e\u00cempreun\u0103\u201d despre mobilizare comunitar\u0103, con\u0219tiin\u021b\u0103 civic\u0103 \u0219i stigm\u0103. \u201eAvem nevoie ca \u00een \u0219colile din Rom\u00e2nia, de exemplu, s\u0103 se vorbeasc\u0103 \u0219i despre felul \u00een care romii au contribuit la \u00eentregirea \u021b\u0103rii noastre\u201d, spune Iulian. \u201eAvem nevoie s\u0103 prezent\u0103m eroi, avem nevoie s\u0103 prezent\u0103m modele din s\u00e2nul comunit\u0103\u021bii.\u201d Iulian crede c\u0103 cel mai important este lucrul \u00een comunitate, s\u0103 \u201ecobor\u00e2m\u201d la nivel local, s\u0103 vedem problemele din cadrul comunit\u0103\u021bilor, s\u0103 \u00eei ascult\u0103m pe oameni \u0219i s\u0103 ne apropiem de&hellip;<\/p>\n","category_list":"<a href=\"https:\/\/www.agentiaimpreuna.ro\/capacitarea-romilor\/category\/news\/\" rel=\"category tag\">News<\/a>","author_info":{"name":"agenadmin","url":"https:\/\/www.agentiaimpreuna.ro\/capacitarea-romilor\/author\/agenadmin\/"},"comments_num":"0 comments","featured_image_urls_v2":{"full":["https:\/\/www.agentiaimpreuna.ro\/capacitarea-romilor\/wp-content\/uploads\/2022\/07\/65dd07cd-abbe-4da1-8fdf-50cc0037374e.jpg",1600,933,false],"thumbnail":["https:\/\/www.agentiaimpreuna.ro\/capacitarea-romilor\/wp-content\/uploads\/2022\/07\/65dd07cd-abbe-4da1-8fdf-50cc0037374e-150x150.jpg",150,150,true],"medium":["https:\/\/www.agentiaimpreuna.ro\/capacitarea-romilor\/wp-content\/uploads\/2022\/07\/65dd07cd-abbe-4da1-8fdf-50cc0037374e-300x175.jpg",300,175,true],"medium_large":["https:\/\/www.agentiaimpreuna.ro\/capacitarea-romilor\/wp-content\/uploads\/2022\/07\/65dd07cd-abbe-4da1-8fdf-50cc0037374e-768x448.jpg",768,448,true],"large":["https:\/\/www.agentiaimpreuna.ro\/capacitarea-romilor\/wp-content\/uploads\/2022\/07\/65dd07cd-abbe-4da1-8fdf-50cc0037374e-1024x597.jpg",1024,597,true],"1536x1536":["https:\/\/www.agentiaimpreuna.ro\/capacitarea-romilor\/wp-content\/uploads\/2022\/07\/65dd07cd-abbe-4da1-8fdf-50cc0037374e-1536x896.jpg",1536,896,true],"2048x2048":["https:\/\/www.agentiaimpreuna.ro\/capacitarea-romilor\/wp-content\/uploads\/2022\/07\/65dd07cd-abbe-4da1-8fdf-50cc0037374e.jpg",1600,933,false],"trp-custom-language-flag":["https:\/\/www.agentiaimpreuna.ro\/capacitarea-romilor\/wp-content\/uploads\/2022\/07\/65dd07cd-abbe-4da1-8fdf-50cc0037374e-18x10.jpg",18,10,true],"qubely_landscape":["https:\/\/www.agentiaimpreuna.ro\/capacitarea-romilor\/wp-content\/uploads\/2022\/07\/65dd07cd-abbe-4da1-8fdf-50cc0037374e-1200x750.jpg",1200,750,true],"qubely_portrait":["https:\/\/www.agentiaimpreuna.ro\/capacitarea-romilor\/wp-content\/uploads\/2022\/07\/65dd07cd-abbe-4da1-8fdf-50cc0037374e-540x320.jpg",540,320,true],"qubely_thumbnail":["https:\/\/www.agentiaimpreuna.ro\/capacitarea-romilor\/wp-content\/uploads\/2022\/07\/65dd07cd-abbe-4da1-8fdf-50cc0037374e-140x100.jpg",140,100,true]},"post_excerpt_stackable_v2":"<p>Iulian Paraschiv este parte din Partida Romilor \u0219i pre\u0219edintele Agen\u021biei Na\u021bionale pentru Romi. Am povestit cu Iulian, pentru episodul #30 din podcastul \u201e\u00cempreun\u0103\u201d despre mobilizare comunitar\u0103, con\u0219tiin\u021b\u0103 civic\u0103 \u0219i stigm\u0103. \u201eAvem nevoie ca \u00een \u0219colile din Rom\u00e2nia, de exemplu, s\u0103 se vorbeasc\u0103 \u0219i despre felul \u00een care romii au contribuit la \u00eentregirea \u021b\u0103rii noastre\u201d, spune Iulian. \u201eAvem nevoie s\u0103 prezent\u0103m eroi, avem nevoie s\u0103 prezent\u0103m modele din s\u00e2nul comunit\u0103\u021bii.\u201d Iulian crede c\u0103 cel mai important este lucrul \u00een comunitate, s\u0103 \u201ecobor\u00e2m\u201d la nivel local, s\u0103 vedem problemele din cadrul comunit\u0103\u021bilor, s\u0103 \u00eei ascult\u0103m pe oameni \u0219i s\u0103 ne apropiem de&hellip;<\/p>\n","category_list_v2":"<a href=\"https:\/\/www.agentiaimpreuna.ro\/capacitarea-romilor\/category\/news\/\" rel=\"category tag\">News<\/a>","author_info_v2":{"name":"agenadmin","url":"https:\/\/www.agentiaimpreuna.ro\/capacitarea-romilor\/author\/agenadmin\/"},"comments_num_v2":"0 comments","_links":{"self":[{"href":"https:\/\/www.agentiaimpreuna.ro\/capacitarea-romilor\/wp-json\/wp\/v2\/posts\/1014","targetHints":{"allow":["GET"]}}],"collection":[{"href":"https:\/\/www.agentiaimpreuna.ro\/capacitarea-romilor\/wp-json\/wp\/v2\/posts"}],"about":[{"href":"https:\/\/www.agentiaimpreuna.ro\/capacitarea-romilor\/wp-json\/wp\/v2\/types\/post"}],"author":[{"embeddable":true,"href":"https:\/\/www.agentiaimpreuna.ro\/capacitarea-romilor\/wp-json\/wp\/v2\/users\/1"}],"replies":[{"embeddable":true,"href":"https:\/\/www.agentiaimpreuna.ro\/capacitarea-romilor\/wp-json\/wp\/v2\/comments?post=1014"}],"version-history":[{"count":1,"href":"https:\/\/www.agentiaimpreuna.ro\/capacitarea-romilor\/wp-json\/wp\/v2\/posts\/1014\/revisions"}],"predecessor-version":[{"id":1017,"href":"https:\/\/www.agentiaimpreuna.ro\/capacitarea-romilor\/wp-json\/wp\/v2\/posts\/1014\/revisions\/1017"}],"wp:featuredmedia":[{"embeddable":true,"href":"https:\/\/www.agentiaimpreuna.ro\/capacitarea-romilor\/wp-json\/wp\/v2\/media\/1015"}],"wp:attachment":[{"href":"https:\/\/www.agentiaimpreuna.ro\/capacitarea-romilor\/wp-json\/wp\/v2\/media?parent=1014"}],"wp:term":[{"taxonomy":"category","embeddable":true,"href":"https:\/\/www.agentiaimpreuna.ro\/capacitarea-romilor\/wp-json\/wp\/v2\/categories?post=1014"},{"taxonomy":"post_tag","embeddable":true,"href":"https:\/\/www.agentiaimpreuna.ro\/capacitarea-romilor\/wp-json\/wp\/v2\/tags?post=1014"}],"curies":[{"name":"wp","href":"https:\/\/api.w.org\/{rel}","templated":true}]}}