{"id":965,"date":"2022-06-14T10:09:21","date_gmt":"2022-06-14T10:09:21","guid":{"rendered":"https:\/\/www.agentiaimpreuna.ro\/capacitarea-romilor\/?p=965"},"modified":"2022-07-19T08:21:00","modified_gmt":"2022-07-19T08:21:00","slug":"center-for-education-and-human-rights-acedo-eveniment-comunitar","status":"publish","type":"post","link":"https:\/\/www.agentiaimpreuna.ro\/capacitarea-romilor\/en\/2022\/06\/14\/center-for-education-and-human-rights-acedo-eveniment-comunitar\/","title":{"rendered":"Center for Education and Human Rights (ACEDO): community event"},"content":{"rendered":"<p>Within the project \"Capacitating and Empowering of Roma through Lobby and Action\", <a href=\"https:\/\/www.facebook.com\/CEDOBucuresti\/?__cft__[0]=AZUbeDAogFCMDqfoZGYwhwdn6nX9TF9eJ2ot3aMh7S3lmZNOjSLvmL_2XiH0cCKfcsF9fN90VUTMb4-whAie9NykTkZBctbZ_pYfgIlsmX-1fBuQwx0dVCe1_zPqbKMtzHNpYUsrRNRVpxzC502saoBXh2DgNbVKPbbo9a5CHKR5Kw&amp;__tn__=kK-R\" target=\"_blank\" rel=\"noopener\">Center for Education and Human Rights<\/a> (ACEDO) is conducting the first community event in which 100 children from The Monastery, Turkeys, Ulmeni and Chirnogi localities and their 15 adults accompanied by them watched the animated film \"Sonic 2\" and then visited the Gumelnita Civilization Museum and the Oltenita Art Museum,  an activity offered by the organizers as a bonus for all children.<\/p>\n\n\n\n<p>All participants enjoyed the activities facilitated by our colleagues and after dining together, they returned home.<\/p>\n\n\n\n<p>More photos, you can find here: <a href=\"https:\/\/www.facebook.com\/media\/set\/?vanity=CEDOBucures&amp;__cft__[0]=AZUbeDAogFCMDqfoZGYwhwdn6nX9TF9eJ2ot3aMh7S3lmZNOjSLvmL_2XiH0cCKfcsF9fN90VUTMb4-whAie9NykTkZBctbZ_pYfgIlsmX-1fBuQwx0dVCe1_zPqbKMtzHNpYUsrRNRVpxzC502saoBXh2DgNbVKPbbo9a5CHKR5Kw&amp;__tn__=-UK-R\" target=\"_blank\" rel=\"noopener\">https:\/\/www.facebook.com\/media\/set\/?vanity=CEDOBucures<\/a><\/p>\n\n\n\n<figure class=\"wp-block-gallery has-nested-images columns-default is-cropped wp-block-gallery-1 is-layout-flex wp-block-gallery-is-layout-flex\">\n<figure class=\"wp-block-image size-large\"><img loading=\"lazy\" decoding=\"async\" width=\"1024\" height=\"768\" data-id=\"968\" src=\"https:\/\/www.agentiaimpreuna.ro\/capacitarea-romilor\/wp-content\/uploads\/2022\/06\/acedo1.jpeg\" alt=\"\" class=\"wp-image-968\" srcset=\"https:\/\/www.agentiaimpreuna.ro\/capacitarea-romilor\/wp-content\/uploads\/2022\/06\/acedo1.jpeg 1024w, https:\/\/www.agentiaimpreuna.ro\/capacitarea-romilor\/wp-content\/uploads\/2022\/06\/acedo1-300x225.jpeg 300w, https:\/\/www.agentiaimpreuna.ro\/capacitarea-romilor\/wp-content\/uploads\/2022\/06\/acedo1-768x576.jpeg 768w, https:\/\/www.agentiaimpreuna.ro\/capacitarea-romilor\/wp-content\/uploads\/2022\/06\/acedo1-16x12.jpeg 16w\" sizes=\"auto, (max-width: 1024px) 100vw, 1024px\" \/><\/figure>\n\n\n\n<figure class=\"wp-block-image size-large\"><img loading=\"lazy\" decoding=\"async\" width=\"1024\" height=\"768\" data-id=\"967\" src=\"https:\/\/www.agentiaimpreuna.ro\/capacitarea-romilor\/wp-content\/uploads\/2022\/06\/acedo.jpeg\" alt=\"\" class=\"wp-image-967\" srcset=\"https:\/\/www.agentiaimpreuna.ro\/capacitarea-romilor\/wp-content\/uploads\/2022\/06\/acedo.jpeg 1024w, https:\/\/www.agentiaimpreuna.ro\/capacitarea-romilor\/wp-content\/uploads\/2022\/06\/acedo-300x225.jpeg 300w, https:\/\/www.agentiaimpreuna.ro\/capacitarea-romilor\/wp-content\/uploads\/2022\/06\/acedo-768x576.jpeg 768w, https:\/\/www.agentiaimpreuna.ro\/capacitarea-romilor\/wp-content\/uploads\/2022\/06\/acedo-16x12.jpeg 16w\" sizes=\"auto, (max-width: 1024px) 100vw, 1024px\" \/><\/figure>\n\n\n\n<figure class=\"wp-block-image size-large\"><img loading=\"lazy\" decoding=\"async\" width=\"1024\" height=\"768\" data-id=\"966\" src=\"https:\/\/www.agentiaimpreuna.ro\/capacitarea-romilor\/wp-content\/uploads\/2022\/06\/acedo-7.jpeg\" alt=\"\" class=\"wp-image-966\" srcset=\"https:\/\/www.agentiaimpreuna.ro\/capacitarea-romilor\/wp-content\/uploads\/2022\/06\/acedo-7.jpeg 1024w, https:\/\/www.agentiaimpreuna.ro\/capacitarea-romilor\/wp-content\/uploads\/2022\/06\/acedo-7-300x225.jpeg 300w, https:\/\/www.agentiaimpreuna.ro\/capacitarea-romilor\/wp-content\/uploads\/2022\/06\/acedo-7-768x576.jpeg 768w, https:\/\/www.agentiaimpreuna.ro\/capacitarea-romilor\/wp-content\/uploads\/2022\/06\/acedo-7-16x12.jpeg 16w\" sizes=\"auto, (max-width: 1024px) 100vw, 1024px\" \/><\/figure>\n\n\n\n<figure class=\"wp-block-image size-large\"><img loading=\"lazy\" decoding=\"async\" width=\"768\" height=\"1024\" data-id=\"971\" src=\"https:\/\/www.agentiaimpreuna.ro\/capacitarea-romilor\/wp-content\/uploads\/2022\/06\/acedo-5.jpeg\" alt=\"\" class=\"wp-image-971\" srcset=\"https:\/\/www.agentiaimpreuna.ro\/capacitarea-romilor\/wp-content\/uploads\/2022\/06\/acedo-5.jpeg 768w, https:\/\/www.agentiaimpreuna.ro\/capacitarea-romilor\/wp-content\/uploads\/2022\/06\/acedo-5-225x300.jpeg 225w, https:\/\/www.agentiaimpreuna.ro\/capacitarea-romilor\/wp-content\/uploads\/2022\/06\/acedo-5-9x12.jpeg 9w\" sizes=\"auto, (max-width: 768px) 100vw, 768px\" \/><\/figure>\n\n\n\n<figure class=\"wp-block-image size-large\"><img loading=\"lazy\" decoding=\"async\" width=\"1024\" height=\"768\" data-id=\"970\" src=\"https:\/\/www.agentiaimpreuna.ro\/capacitarea-romilor\/wp-content\/uploads\/2022\/06\/acedo2.jpeg\" alt=\"\" class=\"wp-image-970\" srcset=\"https:\/\/www.agentiaimpreuna.ro\/capacitarea-romilor\/wp-content\/uploads\/2022\/06\/acedo2.jpeg 1024w, https:\/\/www.agentiaimpreuna.ro\/capacitarea-romilor\/wp-content\/uploads\/2022\/06\/acedo2-300x225.jpeg 300w, https:\/\/www.agentiaimpreuna.ro\/capacitarea-romilor\/wp-content\/uploads\/2022\/06\/acedo2-768x576.jpeg 768w, https:\/\/www.agentiaimpreuna.ro\/capacitarea-romilor\/wp-content\/uploads\/2022\/06\/acedo2-16x12.jpeg 16w\" sizes=\"auto, (max-width: 1024px) 100vw, 1024px\" \/><\/figure>\n\n\n\n<figure class=\"wp-block-image size-large\"><img loading=\"lazy\" decoding=\"async\" width=\"1024\" height=\"768\" data-id=\"969\" src=\"https:\/\/www.agentiaimpreuna.ro\/capacitarea-romilor\/wp-content\/uploads\/2022\/06\/acedo3.jpeg\" alt=\"\" class=\"wp-image-969\" srcset=\"https:\/\/www.agentiaimpreuna.ro\/capacitarea-romilor\/wp-content\/uploads\/2022\/06\/acedo3.jpeg 1024w, https:\/\/www.agentiaimpreuna.ro\/capacitarea-romilor\/wp-content\/uploads\/2022\/06\/acedo3-300x225.jpeg 300w, https:\/\/www.agentiaimpreuna.ro\/capacitarea-romilor\/wp-content\/uploads\/2022\/06\/acedo3-768x576.jpeg 768w, https:\/\/www.agentiaimpreuna.ro\/capacitarea-romilor\/wp-content\/uploads\/2022\/06\/acedo3-16x12.jpeg 16w\" sizes=\"auto, (max-width: 1024px) 100vw, 1024px\" \/><\/figure>\n\n\n\n<figure class=\"wp-block-image size-large\"><img loading=\"lazy\" decoding=\"async\" width=\"768\" height=\"1024\" data-id=\"972\" src=\"https:\/\/www.agentiaimpreuna.ro\/capacitarea-romilor\/wp-content\/uploads\/2022\/06\/acedo-8.jpeg\" alt=\"\" class=\"wp-image-972\" srcset=\"https:\/\/www.agentiaimpreuna.ro\/capacitarea-romilor\/wp-content\/uploads\/2022\/06\/acedo-8.jpeg 768w, https:\/\/www.agentiaimpreuna.ro\/capacitarea-romilor\/wp-content\/uploads\/2022\/06\/acedo-8-225x300.jpeg 225w, https:\/\/www.agentiaimpreuna.ro\/capacitarea-romilor\/wp-content\/uploads\/2022\/06\/acedo-8-9x12.jpeg 9w\" sizes=\"auto, (max-width: 768px) 100vw, 768px\" \/><\/figure>\n\n\n\n<figure class=\"wp-block-image size-large\"><img loading=\"lazy\" decoding=\"async\" width=\"1024\" height=\"768\" data-id=\"973\" src=\"https:\/\/www.agentiaimpreuna.ro\/capacitarea-romilor\/wp-content\/uploads\/2022\/06\/acedo6.jpeg\" alt=\"\" class=\"wp-image-973\" srcset=\"https:\/\/www.agentiaimpreuna.ro\/capacitarea-romilor\/wp-content\/uploads\/2022\/06\/acedo6.jpeg 1024w, https:\/\/www.agentiaimpreuna.ro\/capacitarea-romilor\/wp-content\/uploads\/2022\/06\/acedo6-300x225.jpeg 300w, https:\/\/www.agentiaimpreuna.ro\/capacitarea-romilor\/wp-content\/uploads\/2022\/06\/acedo6-768x576.jpeg 768w, https:\/\/www.agentiaimpreuna.ro\/capacitarea-romilor\/wp-content\/uploads\/2022\/06\/acedo6-16x12.jpeg 16w\" sizes=\"auto, (max-width: 1024px) 100vw, 1024px\" \/><\/figure>\n<\/figure>","protected":false},"excerpt":{"rendered":"<p>\u00cen cadrul proiectului \u201eCapacitarea \u0219i Abilitarea Romilor prin Lobby \u0219i Ac\u021biune\u201d, Center for Education and Human Rights (ACEDO) desf\u0103\u0219oar\u0103 primul eveniment comunitar \u00een care 100 de copii din localit\u0103\u021bile M\u0103n\u0103stirea, Curcani, Ulmeni \u0219i Chirnogi \u0219i cei 15 adul\u021bi \u00eenso\u021bitori ai acestora au vizionat filmul de anima\u021bie \u201eSonic 2\u201d \u0219i au vizitat apoi Muzeul Civiliza\u0163iei Gumelni\u0163a \u0219i Muzeul de Art\u0103 din Olteni\u0163a, o activitate oferit\u0103 de organizatori ca bonus pentru to\u021bi copiii. To\u021bi participan\u021bii s-au bucurat de activit\u0103\u021bile facilitate de colegii no\u0219tri \u0219i dup\u0103 ce au luat masa \u00eempreun\u0103, s-au \u00eentors acas\u0103. Mai multe fotografii, reg\u0103si\u021bi aici: https:\/\/www.facebook.com\/media\/set\/?vanity=CEDOBucures<\/p>","protected":false},"author":1,"featured_media":968,"comment_status":"open","ping_status":"open","sticky":false,"template":"","format":"standard","meta":{"qubely_global_settings":"","qubely_interactions":"","footnotes":""},"categories":[2],"tags":[],"class_list":["post-965","post","type-post","status-publish","format-standard","has-post-thumbnail","hentry","category-news"],"blocksy_meta":{"styles_descriptor":{"styles":{"desktop":"","tablet":"","mobile":""},"google_fonts":[]}},"qubely_featured_image_url":{"full":["https:\/\/www.agentiaimpreuna.ro\/capacitarea-romilor\/wp-content\/uploads\/2022\/06\/acedo1.jpeg",1024,768,false],"landscape":["https:\/\/www.agentiaimpreuna.ro\/capacitarea-romilor\/wp-content\/uploads\/2022\/06\/acedo1-1024x750.jpeg",1024,750,true],"portraits":["https:\/\/www.agentiaimpreuna.ro\/capacitarea-romilor\/wp-content\/uploads\/2022\/06\/acedo1-540x320.jpeg",540,320,true],"thumbnail":["https:\/\/www.agentiaimpreuna.ro\/capacitarea-romilor\/wp-content\/uploads\/2022\/06\/acedo1-150x150.jpeg",150,150,true],"medium":["https:\/\/www.agentiaimpreuna.ro\/capacitarea-romilor\/wp-content\/uploads\/2022\/06\/acedo1-300x225.jpeg",300,225,true],"medium_large":["https:\/\/www.agentiaimpreuna.ro\/capacitarea-romilor\/wp-content\/uploads\/2022\/06\/acedo1-768x576.jpeg",768,576,true],"large":["https:\/\/www.agentiaimpreuna.ro\/capacitarea-romilor\/wp-content\/uploads\/2022\/06\/acedo1.jpeg",1024,768,false],"1536x1536":["https:\/\/www.agentiaimpreuna.ro\/capacitarea-romilor\/wp-content\/uploads\/2022\/06\/acedo1.jpeg",1024,768,false],"2048x2048":["https:\/\/www.agentiaimpreuna.ro\/capacitarea-romilor\/wp-content\/uploads\/2022\/06\/acedo1.jpeg",1024,768,false],"trp-custom-language-flag":["https:\/\/www.agentiaimpreuna.ro\/capacitarea-romilor\/wp-content\/uploads\/2022\/06\/acedo1-16x12.jpeg",16,12,true],"qubely_landscape":["https:\/\/www.agentiaimpreuna.ro\/capacitarea-romilor\/wp-content\/uploads\/2022\/06\/acedo1-1024x750.jpeg",1024,750,true],"qubely_portrait":["https:\/\/www.agentiaimpreuna.ro\/capacitarea-romilor\/wp-content\/uploads\/2022\/06\/acedo1-540x320.jpeg",540,320,true],"qubely_thumbnail":["https:\/\/www.agentiaimpreuna.ro\/capacitarea-romilor\/wp-content\/uploads\/2022\/06\/acedo1-140x100.jpeg",140,100,true]},"qubely_author":{"display_name":"agenadmin","author_link":"https:\/\/www.agentiaimpreuna.ro\/capacitarea-romilor\/en\/author\/agenadmin\/"},"qubely_comment":0,"qubely_category":"<a href=\"https:\/\/www.agentiaimpreuna.ro\/capacitarea-romilor\/en\/category\/news\/\" rel=\"category tag\">News<\/a>","qubely_excerpt":"\u00cen cadrul proiectului \u201eCapacitarea \u0219i Abilitarea Romilor prin Lobby \u0219i Ac\u021biune\u201d, Center for Education and Human Rights (ACEDO) desf\u0103\u0219oar\u0103 primul eveniment comunitar \u00een care 100 de copii din localit\u0103\u021bile M\u0103n\u0103stirea, Curcani, Ulmeni \u0219i Chirnogi \u0219i cei 15 adul\u021bi \u00eenso\u021bitori ai acestora au vizionat filmul de anima\u021bie \u201eSonic 2\u201d \u0219i au vizitat apoi Muzeul Civiliza\u0163iei Gumelni\u0163a&hellip;","featured_image_urls":{"full":["https:\/\/www.agentiaimpreuna.ro\/capacitarea-romilor\/wp-content\/uploads\/2022\/06\/acedo1.jpeg",1024,768,false],"thumbnail":["https:\/\/www.agentiaimpreuna.ro\/capacitarea-romilor\/wp-content\/uploads\/2022\/06\/acedo1-150x150.jpeg",150,150,true],"medium":["https:\/\/www.agentiaimpreuna.ro\/capacitarea-romilor\/wp-content\/uploads\/2022\/06\/acedo1-300x225.jpeg",300,225,true],"medium_large":["https:\/\/www.agentiaimpreuna.ro\/capacitarea-romilor\/wp-content\/uploads\/2022\/06\/acedo1-768x576.jpeg",768,576,true],"large":["https:\/\/www.agentiaimpreuna.ro\/capacitarea-romilor\/wp-content\/uploads\/2022\/06\/acedo1.jpeg",1024,768,false],"1536x1536":["https:\/\/www.agentiaimpreuna.ro\/capacitarea-romilor\/wp-content\/uploads\/2022\/06\/acedo1.jpeg",1024,768,false],"2048x2048":["https:\/\/www.agentiaimpreuna.ro\/capacitarea-romilor\/wp-content\/uploads\/2022\/06\/acedo1.jpeg",1024,768,false],"trp-custom-language-flag":["https:\/\/www.agentiaimpreuna.ro\/capacitarea-romilor\/wp-content\/uploads\/2022\/06\/acedo1-16x12.jpeg",16,12,true],"qubely_landscape":["https:\/\/www.agentiaimpreuna.ro\/capacitarea-romilor\/wp-content\/uploads\/2022\/06\/acedo1-1024x750.jpeg",1024,750,true],"qubely_portrait":["https:\/\/www.agentiaimpreuna.ro\/capacitarea-romilor\/wp-content\/uploads\/2022\/06\/acedo1-540x320.jpeg",540,320,true],"qubely_thumbnail":["https:\/\/www.agentiaimpreuna.ro\/capacitarea-romilor\/wp-content\/uploads\/2022\/06\/acedo1-140x100.jpeg",140,100,true]},"post_excerpt_stackable":"<p>\u00cen cadrul proiectului \u201eCapacitarea \u0219i Abilitarea Romilor prin Lobby \u0219i Ac\u021biune\u201d, Center for Education and Human Rights (ACEDO) desf\u0103\u0219oar\u0103 primul eveniment comunitar \u00een care 100 de copii din localit\u0103\u021bile M\u0103n\u0103stirea, Curcani, Ulmeni \u0219i Chirnogi \u0219i cei 15 adul\u021bi \u00eenso\u021bitori ai acestora au vizionat filmul de anima\u021bie \u201eSonic 2\u201d \u0219i au vizitat apoi Muzeul Civiliza\u0163iei Gumelni\u0163a \u0219i Muzeul de Art\u0103 din Olteni\u0163a, o activitate oferit\u0103 de organizatori ca bonus pentru to\u021bi copiii. To\u021bi participan\u021bii s-au bucurat de activit\u0103\u021bile facilitate de colegii no\u0219tri \u0219i dup\u0103 ce au luat masa \u00eempreun\u0103, s-au \u00eentors acas\u0103. Mai multe fotografii, reg\u0103si\u021bi aici: https:\/\/www.facebook.com\/media\/set\/?vanity=CEDOBucures<\/p>\n","category_list":"<a href=\"https:\/\/www.agentiaimpreuna.ro\/capacitarea-romilor\/en\/category\/news\/\" rel=\"category tag\">News<\/a>","author_info":{"name":"agenadmin","url":"https:\/\/www.agentiaimpreuna.ro\/capacitarea-romilor\/en\/author\/agenadmin\/"},"comments_num":"0 comments","featured_image_urls_v2":{"full":["https:\/\/www.agentiaimpreuna.ro\/capacitarea-romilor\/wp-content\/uploads\/2022\/06\/acedo1.jpeg",1024,768,false],"thumbnail":["https:\/\/www.agentiaimpreuna.ro\/capacitarea-romilor\/wp-content\/uploads\/2022\/06\/acedo1-150x150.jpeg",150,150,true],"medium":["https:\/\/www.agentiaimpreuna.ro\/capacitarea-romilor\/wp-content\/uploads\/2022\/06\/acedo1-300x225.jpeg",300,225,true],"medium_large":["https:\/\/www.agentiaimpreuna.ro\/capacitarea-romilor\/wp-content\/uploads\/2022\/06\/acedo1-768x576.jpeg",768,576,true],"large":["https:\/\/www.agentiaimpreuna.ro\/capacitarea-romilor\/wp-content\/uploads\/2022\/06\/acedo1.jpeg",1024,768,false],"1536x1536":["https:\/\/www.agentiaimpreuna.ro\/capacitarea-romilor\/wp-content\/uploads\/2022\/06\/acedo1.jpeg",1024,768,false],"2048x2048":["https:\/\/www.agentiaimpreuna.ro\/capacitarea-romilor\/wp-content\/uploads\/2022\/06\/acedo1.jpeg",1024,768,false],"trp-custom-language-flag":["https:\/\/www.agentiaimpreuna.ro\/capacitarea-romilor\/wp-content\/uploads\/2022\/06\/acedo1-16x12.jpeg",16,12,true],"qubely_landscape":["https:\/\/www.agentiaimpreuna.ro\/capacitarea-romilor\/wp-content\/uploads\/2022\/06\/acedo1-1024x750.jpeg",1024,750,true],"qubely_portrait":["https:\/\/www.agentiaimpreuna.ro\/capacitarea-romilor\/wp-content\/uploads\/2022\/06\/acedo1-540x320.jpeg",540,320,true],"qubely_thumbnail":["https:\/\/www.agentiaimpreuna.ro\/capacitarea-romilor\/wp-content\/uploads\/2022\/06\/acedo1-140x100.jpeg",140,100,true]},"post_excerpt_stackable_v2":"<p>\u00cen cadrul proiectului \u201eCapacitarea \u0219i Abilitarea Romilor prin Lobby \u0219i Ac\u021biune\u201d, Center for Education and Human Rights (ACEDO) desf\u0103\u0219oar\u0103 primul eveniment comunitar \u00een care 100 de copii din localit\u0103\u021bile M\u0103n\u0103stirea, Curcani, Ulmeni \u0219i Chirnogi \u0219i cei 15 adul\u021bi \u00eenso\u021bitori ai acestora au vizionat filmul de anima\u021bie \u201eSonic 2\u201d \u0219i au vizitat apoi Muzeul Civiliza\u0163iei Gumelni\u0163a \u0219i Muzeul de Art\u0103 din Olteni\u0163a, o activitate oferit\u0103 de organizatori ca bonus pentru to\u021bi copiii. To\u021bi participan\u021bii s-au bucurat de activit\u0103\u021bile facilitate de colegii no\u0219tri \u0219i dup\u0103 ce au luat masa \u00eempreun\u0103, s-au \u00eentors acas\u0103. Mai multe fotografii, reg\u0103si\u021bi aici: https:\/\/www.facebook.com\/media\/set\/?vanity=CEDOBucures<\/p>\n","category_list_v2":"<a href=\"https:\/\/www.agentiaimpreuna.ro\/capacitarea-romilor\/en\/category\/news\/\" rel=\"category tag\">News<\/a>","author_info_v2":{"name":"agenadmin","url":"https:\/\/www.agentiaimpreuna.ro\/capacitarea-romilor\/en\/author\/agenadmin\/"},"comments_num_v2":"0 comments","_links":{"self":[{"href":"https:\/\/www.agentiaimpreuna.ro\/capacitarea-romilor\/en\/wp-json\/wp\/v2\/posts\/965","targetHints":{"allow":["GET"]}}],"collection":[{"href":"https:\/\/www.agentiaimpreuna.ro\/capacitarea-romilor\/en\/wp-json\/wp\/v2\/posts"}],"about":[{"href":"https:\/\/www.agentiaimpreuna.ro\/capacitarea-romilor\/en\/wp-json\/wp\/v2\/types\/post"}],"author":[{"embeddable":true,"href":"https:\/\/www.agentiaimpreuna.ro\/capacitarea-romilor\/en\/wp-json\/wp\/v2\/users\/1"}],"replies":[{"embeddable":true,"href":"https:\/\/www.agentiaimpreuna.ro\/capacitarea-romilor\/en\/wp-json\/wp\/v2\/comments?post=965"}],"version-history":[{"count":0,"href":"https:\/\/www.agentiaimpreuna.ro\/capacitarea-romilor\/en\/wp-json\/wp\/v2\/posts\/965\/revisions"}],"wp:featuredmedia":[{"embeddable":true,"href":"https:\/\/www.agentiaimpreuna.ro\/capacitarea-romilor\/en\/wp-json\/wp\/v2\/media\/968"}],"wp:attachment":[{"href":"https:\/\/www.agentiaimpreuna.ro\/capacitarea-romilor\/en\/wp-json\/wp\/v2\/media?parent=965"}],"wp:term":[{"taxonomy":"category","embeddable":true,"href":"https:\/\/www.agentiaimpreuna.ro\/capacitarea-romilor\/en\/wp-json\/wp\/v2\/categories?post=965"},{"taxonomy":"post_tag","embeddable":true,"href":"https:\/\/www.agentiaimpreuna.ro\/capacitarea-romilor\/en\/wp-json\/wp\/v2\/tags?post=965"}],"curies":[{"name":"wp","href":"https:\/\/api.w.org\/{rel}","templated":true}]}}