{"id":941,"date":"2022-06-09T09:58:00","date_gmt":"2022-06-09T09:58:00","guid":{"rendered":"https:\/\/www.agentiaimpreuna.ro\/capacitarea-romilor\/?p=941"},"modified":"2022-07-19T08:20:23","modified_gmt":"2022-07-19T08:20:23","slug":"al-treilea-ong-infiintat-in-judetul-braila","status":"publish","type":"post","link":"https:\/\/www.agentiaimpreuna.ro\/capacitarea-romilor\/en\/2022\/06\/09\/al-treilea-ong-infiintat-in-judetul-braila\/","title":{"rendered":"The third NGO established in Br\u0103ila County"},"content":{"rendered":"<p>Reasons for joy in Braila: a third NGO founded! <img loading=\"lazy\" decoding=\"async\" height=\"16\" width=\"16\" alt=\"\ud83e\udd73\" src=\"https:\/\/static.xx.fbcdn.net\/images\/emoji.php\/v9\/tc\/2\/16\/1f973.png\"><\/p>\n\n\n\n<p>In the commune of Berte\u015ftii de Jos, Br\u0103ila County, the third NGO was founded these days, the Community Development Association \"Berte\u0219tii de Jos\". Therefore, for three days, a series of activities with the children took place in the commune, through which to mark its establishment.<\/p>\n\n\n\n<p>The activities, carried out in partnership with the Secondary School, aimed to promote diversity among young people, interculturality and inclusion. These included:<\/p>\n\n\n\n<p><img loading=\"lazy\" decoding=\"async\" height=\"16\" width=\"16\" alt=\"\ud83c\udf33\" src=\"https:\/\/static.xx.fbcdn.net\/images\/emoji.php\/v9\/ta\/2\/16\/1f333.png\"> \"Together for a healthy environment\";<\/p>\n\n\n\n<p><img loading=\"lazy\" decoding=\"async\" height=\"16\" width=\"16\" alt=\"\ud83c\udfb9\" src=\"https:\/\/static.xx.fbcdn.net\/images\/emoji.php\/v9\/t41\/2\/16\/1f3b9.png\"> \"Song for all\";<\/p>\n\n\n\n<p><img loading=\"lazy\" decoding=\"async\" height=\"16\" width=\"16\" alt=\"\u26bd\ufe0f\" src=\"https:\/\/static.xx.fbcdn.net\/images\/emoji.php\/v9\/t30\/2\/16\/26bd.png\"> \"Football without prejudices\".<\/p>\n\n\n\n<figure class=\"wp-block-gallery has-nested-images columns-default is-cropped wp-block-gallery-1 is-layout-flex wp-block-gallery-is-layout-flex\">\n<figure class=\"wp-block-image size-large\"><img loading=\"lazy\" decoding=\"async\" width=\"1024\" height=\"461\" data-id=\"956\" src=\"https:\/\/www.agentiaimpreuna.ro\/capacitarea-romilor\/wp-content\/uploads\/2022\/06\/1-1-1024x461.jpeg\" alt=\"\" class=\"wp-image-956\" srcset=\"https:\/\/www.agentiaimpreuna.ro\/capacitarea-romilor\/wp-content\/uploads\/2022\/06\/1-1-1024x461.jpeg 1024w, https:\/\/www.agentiaimpreuna.ro\/capacitarea-romilor\/wp-content\/uploads\/2022\/06\/1-1-300x135.jpeg 300w, https:\/\/www.agentiaimpreuna.ro\/capacitarea-romilor\/wp-content\/uploads\/2022\/06\/1-1-768x346.jpeg 768w, https:\/\/www.agentiaimpreuna.ro\/capacitarea-romilor\/wp-content\/uploads\/2022\/06\/1-1-1536x692.jpeg 1536w, https:\/\/www.agentiaimpreuna.ro\/capacitarea-romilor\/wp-content\/uploads\/2022\/06\/1-1-18x8.jpeg 18w, https:\/\/www.agentiaimpreuna.ro\/capacitarea-romilor\/wp-content\/uploads\/2022\/06\/1-1.jpeg 2048w\" sizes=\"auto, (max-width: 1024px) 100vw, 1024px\" \/><\/figure>\n\n\n\n<figure class=\"wp-block-image size-large\"><img loading=\"lazy\" decoding=\"async\" width=\"1024\" height=\"461\" data-id=\"957\" src=\"https:\/\/www.agentiaimpreuna.ro\/capacitarea-romilor\/wp-content\/uploads\/2022\/06\/2-1-1024x461.jpeg\" alt=\"\" class=\"wp-image-957\" srcset=\"https:\/\/www.agentiaimpreuna.ro\/capacitarea-romilor\/wp-content\/uploads\/2022\/06\/2-1-1024x461.jpeg 1024w, https:\/\/www.agentiaimpreuna.ro\/capacitarea-romilor\/wp-content\/uploads\/2022\/06\/2-1-300x135.jpeg 300w, https:\/\/www.agentiaimpreuna.ro\/capacitarea-romilor\/wp-content\/uploads\/2022\/06\/2-1-768x346.jpeg 768w, https:\/\/www.agentiaimpreuna.ro\/capacitarea-romilor\/wp-content\/uploads\/2022\/06\/2-1-1536x692.jpeg 1536w, https:\/\/www.agentiaimpreuna.ro\/capacitarea-romilor\/wp-content\/uploads\/2022\/06\/2-1-18x8.jpeg 18w, https:\/\/www.agentiaimpreuna.ro\/capacitarea-romilor\/wp-content\/uploads\/2022\/06\/2-1.jpeg 2048w\" sizes=\"auto, (max-width: 1024px) 100vw, 1024px\" \/><\/figure>\n\n\n\n<figure class=\"wp-block-image size-large\"><img loading=\"lazy\" decoding=\"async\" width=\"1024\" height=\"461\" data-id=\"954\" src=\"https:\/\/www.agentiaimpreuna.ro\/capacitarea-romilor\/wp-content\/uploads\/2022\/06\/3-1-1024x461.jpeg\" alt=\"\" class=\"wp-image-954\" srcset=\"https:\/\/www.agentiaimpreuna.ro\/capacitarea-romilor\/wp-content\/uploads\/2022\/06\/3-1-1024x461.jpeg 1024w, https:\/\/www.agentiaimpreuna.ro\/capacitarea-romilor\/wp-content\/uploads\/2022\/06\/3-1-300x135.jpeg 300w, https:\/\/www.agentiaimpreuna.ro\/capacitarea-romilor\/wp-content\/uploads\/2022\/06\/3-1-768x346.jpeg 768w, https:\/\/www.agentiaimpreuna.ro\/capacitarea-romilor\/wp-content\/uploads\/2022\/06\/3-1-1536x692.jpeg 1536w, https:\/\/www.agentiaimpreuna.ro\/capacitarea-romilor\/wp-content\/uploads\/2022\/06\/3-1-18x8.jpeg 18w, https:\/\/www.agentiaimpreuna.ro\/capacitarea-romilor\/wp-content\/uploads\/2022\/06\/3-1.jpeg 2048w\" sizes=\"auto, (max-width: 1024px) 100vw, 1024px\" \/><\/figure>\n\n\n\n<figure class=\"wp-block-image size-large\"><img loading=\"lazy\" decoding=\"async\" width=\"1024\" height=\"461\" data-id=\"955\" src=\"https:\/\/www.agentiaimpreuna.ro\/capacitarea-romilor\/wp-content\/uploads\/2022\/06\/4-1-1024x461.jpeg\" alt=\"\" class=\"wp-image-955\" srcset=\"https:\/\/www.agentiaimpreuna.ro\/capacitarea-romilor\/wp-content\/uploads\/2022\/06\/4-1-1024x461.jpeg 1024w, https:\/\/www.agentiaimpreuna.ro\/capacitarea-romilor\/wp-content\/uploads\/2022\/06\/4-1-300x135.jpeg 300w, https:\/\/www.agentiaimpreuna.ro\/capacitarea-romilor\/wp-content\/uploads\/2022\/06\/4-1-768x346.jpeg 768w, https:\/\/www.agentiaimpreuna.ro\/capacitarea-romilor\/wp-content\/uploads\/2022\/06\/4-1-1536x692.jpeg 1536w, https:\/\/www.agentiaimpreuna.ro\/capacitarea-romilor\/wp-content\/uploads\/2022\/06\/4-1-18x8.jpeg 18w, https:\/\/www.agentiaimpreuna.ro\/capacitarea-romilor\/wp-content\/uploads\/2022\/06\/4-1.jpeg 2048w\" sizes=\"auto, (max-width: 1024px) 100vw, 1024px\" \/><\/figure>\n\n\n\n<figure class=\"wp-block-image size-large\"><img loading=\"lazy\" decoding=\"async\" width=\"1024\" height=\"461\" data-id=\"953\" src=\"https:\/\/www.agentiaimpreuna.ro\/capacitarea-romilor\/wp-content\/uploads\/2022\/06\/5-1-1024x461.jpeg\" alt=\"\" class=\"wp-image-953\" srcset=\"https:\/\/www.agentiaimpreuna.ro\/capacitarea-romilor\/wp-content\/uploads\/2022\/06\/5-1-1024x461.jpeg 1024w, https:\/\/www.agentiaimpreuna.ro\/capacitarea-romilor\/wp-content\/uploads\/2022\/06\/5-1-300x135.jpeg 300w, https:\/\/www.agentiaimpreuna.ro\/capacitarea-romilor\/wp-content\/uploads\/2022\/06\/5-1-768x346.jpeg 768w, https:\/\/www.agentiaimpreuna.ro\/capacitarea-romilor\/wp-content\/uploads\/2022\/06\/5-1-1536x692.jpeg 1536w, https:\/\/www.agentiaimpreuna.ro\/capacitarea-romilor\/wp-content\/uploads\/2022\/06\/5-1-18x8.jpeg 18w, https:\/\/www.agentiaimpreuna.ro\/capacitarea-romilor\/wp-content\/uploads\/2022\/06\/5-1.jpeg 2048w\" sizes=\"auto, (max-width: 1024px) 100vw, 1024px\" \/><\/figure>\n\n\n\n<figure class=\"wp-block-image size-large\"><img loading=\"lazy\" decoding=\"async\" width=\"1024\" height=\"461\" data-id=\"958\" src=\"https:\/\/www.agentiaimpreuna.ro\/capacitarea-romilor\/wp-content\/uploads\/2022\/06\/6-1-1024x461.jpeg\" alt=\"\" class=\"wp-image-958\" srcset=\"https:\/\/www.agentiaimpreuna.ro\/capacitarea-romilor\/wp-content\/uploads\/2022\/06\/6-1-1024x461.jpeg 1024w, https:\/\/www.agentiaimpreuna.ro\/capacitarea-romilor\/wp-content\/uploads\/2022\/06\/6-1-300x135.jpeg 300w, https:\/\/www.agentiaimpreuna.ro\/capacitarea-romilor\/wp-content\/uploads\/2022\/06\/6-1-768x346.jpeg 768w, https:\/\/www.agentiaimpreuna.ro\/capacitarea-romilor\/wp-content\/uploads\/2022\/06\/6-1-1536x692.jpeg 1536w, https:\/\/www.agentiaimpreuna.ro\/capacitarea-romilor\/wp-content\/uploads\/2022\/06\/6-1-18x8.jpeg 18w, https:\/\/www.agentiaimpreuna.ro\/capacitarea-romilor\/wp-content\/uploads\/2022\/06\/6-1.jpeg 2048w\" sizes=\"auto, (max-width: 1024px) 100vw, 1024px\" \/><\/figure>\n\n\n\n<figure class=\"wp-block-image size-large\"><img loading=\"lazy\" decoding=\"async\" width=\"768\" height=\"1024\" data-id=\"959\" src=\"https:\/\/www.agentiaimpreuna.ro\/capacitarea-romilor\/wp-content\/uploads\/2022\/06\/7-1-768x1024.jpeg\" alt=\"\" class=\"wp-image-959\" srcset=\"https:\/\/www.agentiaimpreuna.ro\/capacitarea-romilor\/wp-content\/uploads\/2022\/06\/7-1-768x1024.jpeg 768w, https:\/\/www.agentiaimpreuna.ro\/capacitarea-romilor\/wp-content\/uploads\/2022\/06\/7-1-225x300.jpeg 225w, https:\/\/www.agentiaimpreuna.ro\/capacitarea-romilor\/wp-content\/uploads\/2022\/06\/7-1-1152x1536.jpeg 1152w, https:\/\/www.agentiaimpreuna.ro\/capacitarea-romilor\/wp-content\/uploads\/2022\/06\/7-1-9x12.jpeg 9w, https:\/\/www.agentiaimpreuna.ro\/capacitarea-romilor\/wp-content\/uploads\/2022\/06\/7-1.jpeg 1536w\" sizes=\"auto, (max-width: 768px) 100vw, 768px\" \/><\/figure>\n\n\n\n<figure class=\"wp-block-image size-large\"><img loading=\"lazy\" decoding=\"async\" width=\"576\" height=\"1024\" data-id=\"960\" src=\"https:\/\/www.agentiaimpreuna.ro\/capacitarea-romilor\/wp-content\/uploads\/2022\/06\/8-1-576x1024.jpeg\" alt=\"\" class=\"wp-image-960\" srcset=\"https:\/\/www.agentiaimpreuna.ro\/capacitarea-romilor\/wp-content\/uploads\/2022\/06\/8-1-576x1024.jpeg 576w, https:\/\/www.agentiaimpreuna.ro\/capacitarea-romilor\/wp-content\/uploads\/2022\/06\/8-1-169x300.jpeg 169w, https:\/\/www.agentiaimpreuna.ro\/capacitarea-romilor\/wp-content\/uploads\/2022\/06\/8-1-768x1365.jpeg 768w, https:\/\/www.agentiaimpreuna.ro\/capacitarea-romilor\/wp-content\/uploads\/2022\/06\/8-1-864x1536.jpeg 864w, https:\/\/www.agentiaimpreuna.ro\/capacitarea-romilor\/wp-content\/uploads\/2022\/06\/8-1-7x12.jpeg 7w, https:\/\/www.agentiaimpreuna.ro\/capacitarea-romilor\/wp-content\/uploads\/2022\/06\/8-1.jpeg 900w\" sizes=\"auto, (max-width: 576px) 100vw, 576px\" \/><\/figure>\n\n\n\n<figure class=\"wp-block-image size-large\"><img loading=\"lazy\" decoding=\"async\" width=\"768\" height=\"1024\" data-id=\"961\" src=\"https:\/\/www.agentiaimpreuna.ro\/capacitarea-romilor\/wp-content\/uploads\/2022\/06\/9-1-768x1024.jpeg\" alt=\"\" class=\"wp-image-961\" srcset=\"https:\/\/www.agentiaimpreuna.ro\/capacitarea-romilor\/wp-content\/uploads\/2022\/06\/9-1-768x1024.jpeg 768w, https:\/\/www.agentiaimpreuna.ro\/capacitarea-romilor\/wp-content\/uploads\/2022\/06\/9-1-225x300.jpeg 225w, https:\/\/www.agentiaimpreuna.ro\/capacitarea-romilor\/wp-content\/uploads\/2022\/06\/9-1-1152x1536.jpeg 1152w, https:\/\/www.agentiaimpreuna.ro\/capacitarea-romilor\/wp-content\/uploads\/2022\/06\/9-1-9x12.jpeg 9w, https:\/\/www.agentiaimpreuna.ro\/capacitarea-romilor\/wp-content\/uploads\/2022\/06\/9-1.jpeg 1536w\" sizes=\"auto, (max-width: 768px) 100vw, 768px\" \/><\/figure>\n\n\n\n<figure class=\"wp-block-image size-large\"><img loading=\"lazy\" decoding=\"async\" width=\"768\" height=\"1024\" data-id=\"962\" src=\"https:\/\/www.agentiaimpreuna.ro\/capacitarea-romilor\/wp-content\/uploads\/2022\/06\/11-1-768x1024.jpeg\" alt=\"\" class=\"wp-image-962\" srcset=\"https:\/\/www.agentiaimpreuna.ro\/capacitarea-romilor\/wp-content\/uploads\/2022\/06\/11-1-768x1024.jpeg 768w, https:\/\/www.agentiaimpreuna.ro\/capacitarea-romilor\/wp-content\/uploads\/2022\/06\/11-1-225x300.jpeg 225w, https:\/\/www.agentiaimpreuna.ro\/capacitarea-romilor\/wp-content\/uploads\/2022\/06\/11-1-1152x1536.jpeg 1152w, https:\/\/www.agentiaimpreuna.ro\/capacitarea-romilor\/wp-content\/uploads\/2022\/06\/11-1-9x12.jpeg 9w, https:\/\/www.agentiaimpreuna.ro\/capacitarea-romilor\/wp-content\/uploads\/2022\/06\/11-1.jpeg 1536w\" sizes=\"auto, (max-width: 768px) 100vw, 768px\" \/><\/figure>\n\n\n\n<figure class=\"wp-block-image size-large\"><img loading=\"lazy\" decoding=\"async\" width=\"768\" height=\"1024\" data-id=\"963\" src=\"https:\/\/www.agentiaimpreuna.ro\/capacitarea-romilor\/wp-content\/uploads\/2022\/06\/12-1-768x1024.jpeg\" alt=\"\" class=\"wp-image-963\" srcset=\"https:\/\/www.agentiaimpreuna.ro\/capacitarea-romilor\/wp-content\/uploads\/2022\/06\/12-1-768x1024.jpeg 768w, https:\/\/www.agentiaimpreuna.ro\/capacitarea-romilor\/wp-content\/uploads\/2022\/06\/12-1-225x300.jpeg 225w, https:\/\/www.agentiaimpreuna.ro\/capacitarea-romilor\/wp-content\/uploads\/2022\/06\/12-1-1152x1536.jpeg 1152w, https:\/\/www.agentiaimpreuna.ro\/capacitarea-romilor\/wp-content\/uploads\/2022\/06\/12-1-9x12.jpeg 9w, https:\/\/www.agentiaimpreuna.ro\/capacitarea-romilor\/wp-content\/uploads\/2022\/06\/12-1.jpeg 1536w\" sizes=\"auto, (max-width: 768px) 100vw, 768px\" \/><\/figure>\n<\/figure>\n\n\n\n<p>P.S: Stay close to us for more news about how our communities are growing!<\/p>","protected":false},"excerpt":{"rendered":"<p>Motive de bucurie \u00een Br\u0103ila: al treilea ONG \u00eenfiin\u021bat! \u00cen comuna Berte\u0219tii de Jos, jude\u021bul Br\u0103ila, s-a \u00eenfiin\u021bat zilele acestea al treilea ONG, Asocia\u021bia de Dezvoltare Comunitar\u0103 \u201eBerte\u0219tii de Jos\u201d. A\u0219adar, timp de trei zile, \u00een comun\u0103 au avut loc o serie de activit\u0103\u021bi cu copiii, prin care s\u0103 se marcheze \u00eenfiin\u021barea acestuia. Activit\u0103\u021bile, realizate \u00een parteneriat cu \u0218coala Gimnazial\u0103, au avut ca scop promovarea diversit\u0103\u021bii \u00een r\u00e2ndul tinerilor, interculturalitatea \u0219i incluziunea. Printre acestea s-au num\u0103rat \u0219i: \u201e\u00cempreun\u0103 pentru un mediu s\u0103n\u0103tos\u201d; \u201eC\u00e2ntec pentru to\u021bi\u201d; \u201eFotbalul f\u0103r\u0103 prejudec\u0103\u021bi\u201d. P.S: Stai aproape de noi pentru mai multe ve\u0219ti despre cum se\u2026<\/p>","protected":false},"author":1,"featured_media":956,"comment_status":"open","ping_status":"open","sticky":false,"template":"","format":"standard","meta":{"qubely_global_settings":"","qubely_interactions":"","footnotes":""},"categories":[2],"tags":[],"class_list":["post-941","post","type-post","status-publish","format-standard","has-post-thumbnail","hentry","category-news"],"blocksy_meta":{"styles_descriptor":{"styles":{"desktop":"","tablet":"","mobile":""},"google_fonts":[]}},"qubely_featured_image_url":{"full":["https:\/\/www.agentiaimpreuna.ro\/capacitarea-romilor\/wp-content\/uploads\/2022\/06\/1-1.jpeg",2048,922,false],"landscape":["https:\/\/www.agentiaimpreuna.ro\/capacitarea-romilor\/wp-content\/uploads\/2022\/06\/1-1-1200x750.jpeg",1200,750,true],"portraits":["https:\/\/www.agentiaimpreuna.ro\/capacitarea-romilor\/wp-content\/uploads\/2022\/06\/1-1-540x320.jpeg",540,320,true],"thumbnail":["https:\/\/www.agentiaimpreuna.ro\/capacitarea-romilor\/wp-content\/uploads\/2022\/06\/1-1-150x150.jpeg",150,150,true],"medium":["https:\/\/www.agentiaimpreuna.ro\/capacitarea-romilor\/wp-content\/uploads\/2022\/06\/1-1-300x135.jpeg",300,135,true],"medium_large":["https:\/\/www.agentiaimpreuna.ro\/capacitarea-romilor\/wp-content\/uploads\/2022\/06\/1-1-768x346.jpeg",768,346,true],"large":["https:\/\/www.agentiaimpreuna.ro\/capacitarea-romilor\/wp-content\/uploads\/2022\/06\/1-1-1024x461.jpeg",1024,461,true],"1536x1536":["https:\/\/www.agentiaimpreuna.ro\/capacitarea-romilor\/wp-content\/uploads\/2022\/06\/1-1-1536x692.jpeg",1536,692,true],"2048x2048":["https:\/\/www.agentiaimpreuna.ro\/capacitarea-romilor\/wp-content\/uploads\/2022\/06\/1-1.jpeg",2048,922,false],"trp-custom-language-flag":["https:\/\/www.agentiaimpreuna.ro\/capacitarea-romilor\/wp-content\/uploads\/2022\/06\/1-1-18x8.jpeg",18,8,true],"qubely_landscape":["https:\/\/www.agentiaimpreuna.ro\/capacitarea-romilor\/wp-content\/uploads\/2022\/06\/1-1-1200x750.jpeg",1200,750,true],"qubely_portrait":["https:\/\/www.agentiaimpreuna.ro\/capacitarea-romilor\/wp-content\/uploads\/2022\/06\/1-1-540x320.jpeg",540,320,true],"qubely_thumbnail":["https:\/\/www.agentiaimpreuna.ro\/capacitarea-romilor\/wp-content\/uploads\/2022\/06\/1-1-140x100.jpeg",140,100,true]},"qubely_author":{"display_name":"agenadmin","author_link":"https:\/\/www.agentiaimpreuna.ro\/capacitarea-romilor\/en\/author\/agenadmin\/"},"qubely_comment":0,"qubely_category":"<a href=\"https:\/\/www.agentiaimpreuna.ro\/capacitarea-romilor\/en\/category\/news\/\" rel=\"category tag\">News<\/a>","qubely_excerpt":"Motive de bucurie \u00een Br\u0103ila: al treilea ONG \u00eenfiin\u021bat! \u00cen comuna Berte\u0219tii de Jos, jude\u021bul Br\u0103ila, s-a \u00eenfiin\u021bat zilele acestea al treilea ONG, Asocia\u021bia de Dezvoltare Comunitar\u0103 \u201eBerte\u0219tii de Jos\u201d. A\u0219adar, timp de trei zile, \u00een comun\u0103 au avut loc o serie de activit\u0103\u021bi cu copiii, prin care s\u0103 se marcheze \u00eenfiin\u021barea acestuia. Activit\u0103\u021bile, realizate&hellip;","featured_image_urls":{"full":["https:\/\/www.agentiaimpreuna.ro\/capacitarea-romilor\/wp-content\/uploads\/2022\/06\/1-1.jpeg",2048,922,false],"thumbnail":["https:\/\/www.agentiaimpreuna.ro\/capacitarea-romilor\/wp-content\/uploads\/2022\/06\/1-1-150x150.jpeg",150,150,true],"medium":["https:\/\/www.agentiaimpreuna.ro\/capacitarea-romilor\/wp-content\/uploads\/2022\/06\/1-1-300x135.jpeg",300,135,true],"medium_large":["https:\/\/www.agentiaimpreuna.ro\/capacitarea-romilor\/wp-content\/uploads\/2022\/06\/1-1-768x346.jpeg",768,346,true],"large":["https:\/\/www.agentiaimpreuna.ro\/capacitarea-romilor\/wp-content\/uploads\/2022\/06\/1-1-1024x461.jpeg",1024,461,true],"1536x1536":["https:\/\/www.agentiaimpreuna.ro\/capacitarea-romilor\/wp-content\/uploads\/2022\/06\/1-1-1536x692.jpeg",1536,692,true],"2048x2048":["https:\/\/www.agentiaimpreuna.ro\/capacitarea-romilor\/wp-content\/uploads\/2022\/06\/1-1.jpeg",2048,922,false],"trp-custom-language-flag":["https:\/\/www.agentiaimpreuna.ro\/capacitarea-romilor\/wp-content\/uploads\/2022\/06\/1-1-18x8.jpeg",18,8,true],"qubely_landscape":["https:\/\/www.agentiaimpreuna.ro\/capacitarea-romilor\/wp-content\/uploads\/2022\/06\/1-1-1200x750.jpeg",1200,750,true],"qubely_portrait":["https:\/\/www.agentiaimpreuna.ro\/capacitarea-romilor\/wp-content\/uploads\/2022\/06\/1-1-540x320.jpeg",540,320,true],"qubely_thumbnail":["https:\/\/www.agentiaimpreuna.ro\/capacitarea-romilor\/wp-content\/uploads\/2022\/06\/1-1-140x100.jpeg",140,100,true]},"post_excerpt_stackable":"<p>Motive de bucurie \u00een Br\u0103ila: al treilea ONG \u00eenfiin\u021bat! \u00cen comuna Berte\u0219tii de Jos, jude\u021bul Br\u0103ila, s-a \u00eenfiin\u021bat zilele acestea al treilea ONG, Asocia\u021bia de Dezvoltare Comunitar\u0103 \u201eBerte\u0219tii de Jos\u201d. A\u0219adar, timp de trei zile, \u00een comun\u0103 au avut loc o serie de activit\u0103\u021bi cu copiii, prin care s\u0103 se marcheze \u00eenfiin\u021barea acestuia. Activit\u0103\u021bile, realizate \u00een parteneriat cu \u0218coala Gimnazial\u0103, au avut ca scop promovarea diversit\u0103\u021bii \u00een r\u00e2ndul tinerilor, interculturalitatea \u0219i incluziunea. Printre acestea s-au num\u0103rat \u0219i: \u201e\u00cempreun\u0103 pentru un mediu s\u0103n\u0103tos\u201d; \u201eC\u00e2ntec pentru to\u021bi\u201d; \u201eFotbalul f\u0103r\u0103 prejudec\u0103\u021bi\u201d. P.S: Stai aproape de noi pentru mai multe ve\u0219ti despre cum se&hellip;<\/p>\n","category_list":"<a href=\"https:\/\/www.agentiaimpreuna.ro\/capacitarea-romilor\/en\/category\/news\/\" rel=\"category tag\">News<\/a>","author_info":{"name":"agenadmin","url":"https:\/\/www.agentiaimpreuna.ro\/capacitarea-romilor\/en\/author\/agenadmin\/"},"comments_num":"0 comments","featured_image_urls_v2":{"full":["https:\/\/www.agentiaimpreuna.ro\/capacitarea-romilor\/wp-content\/uploads\/2022\/06\/1-1.jpeg",2048,922,false],"thumbnail":["https:\/\/www.agentiaimpreuna.ro\/capacitarea-romilor\/wp-content\/uploads\/2022\/06\/1-1-150x150.jpeg",150,150,true],"medium":["https:\/\/www.agentiaimpreuna.ro\/capacitarea-romilor\/wp-content\/uploads\/2022\/06\/1-1-300x135.jpeg",300,135,true],"medium_large":["https:\/\/www.agentiaimpreuna.ro\/capacitarea-romilor\/wp-content\/uploads\/2022\/06\/1-1-768x346.jpeg",768,346,true],"large":["https:\/\/www.agentiaimpreuna.ro\/capacitarea-romilor\/wp-content\/uploads\/2022\/06\/1-1-1024x461.jpeg",1024,461,true],"1536x1536":["https:\/\/www.agentiaimpreuna.ro\/capacitarea-romilor\/wp-content\/uploads\/2022\/06\/1-1-1536x692.jpeg",1536,692,true],"2048x2048":["https:\/\/www.agentiaimpreuna.ro\/capacitarea-romilor\/wp-content\/uploads\/2022\/06\/1-1.jpeg",2048,922,false],"trp-custom-language-flag":["https:\/\/www.agentiaimpreuna.ro\/capacitarea-romilor\/wp-content\/uploads\/2022\/06\/1-1-18x8.jpeg",18,8,true],"qubely_landscape":["https:\/\/www.agentiaimpreuna.ro\/capacitarea-romilor\/wp-content\/uploads\/2022\/06\/1-1-1200x750.jpeg",1200,750,true],"qubely_portrait":["https:\/\/www.agentiaimpreuna.ro\/capacitarea-romilor\/wp-content\/uploads\/2022\/06\/1-1-540x320.jpeg",540,320,true],"qubely_thumbnail":["https:\/\/www.agentiaimpreuna.ro\/capacitarea-romilor\/wp-content\/uploads\/2022\/06\/1-1-140x100.jpeg",140,100,true]},"post_excerpt_stackable_v2":"<p>Motive de bucurie \u00een Br\u0103ila: al treilea ONG \u00eenfiin\u021bat! \u00cen comuna Berte\u0219tii de Jos, jude\u021bul Br\u0103ila, s-a \u00eenfiin\u021bat zilele acestea al treilea ONG, Asocia\u021bia de Dezvoltare Comunitar\u0103 \u201eBerte\u0219tii de Jos\u201d. A\u0219adar, timp de trei zile, \u00een comun\u0103 au avut loc o serie de activit\u0103\u021bi cu copiii, prin care s\u0103 se marcheze \u00eenfiin\u021barea acestuia. Activit\u0103\u021bile, realizate \u00een parteneriat cu \u0218coala Gimnazial\u0103, au avut ca scop promovarea diversit\u0103\u021bii \u00een r\u00e2ndul tinerilor, interculturalitatea \u0219i incluziunea. Printre acestea s-au num\u0103rat \u0219i: \u201e\u00cempreun\u0103 pentru un mediu s\u0103n\u0103tos\u201d; \u201eC\u00e2ntec pentru to\u021bi\u201d; \u201eFotbalul f\u0103r\u0103 prejudec\u0103\u021bi\u201d. P.S: Stai aproape de noi pentru mai multe ve\u0219ti despre cum se&hellip;<\/p>\n","category_list_v2":"<a href=\"https:\/\/www.agentiaimpreuna.ro\/capacitarea-romilor\/en\/category\/news\/\" rel=\"category tag\">News<\/a>","author_info_v2":{"name":"agenadmin","url":"https:\/\/www.agentiaimpreuna.ro\/capacitarea-romilor\/en\/author\/agenadmin\/"},"comments_num_v2":"0 comments","_links":{"self":[{"href":"https:\/\/www.agentiaimpreuna.ro\/capacitarea-romilor\/en\/wp-json\/wp\/v2\/posts\/941","targetHints":{"allow":["GET"]}}],"collection":[{"href":"https:\/\/www.agentiaimpreuna.ro\/capacitarea-romilor\/en\/wp-json\/wp\/v2\/posts"}],"about":[{"href":"https:\/\/www.agentiaimpreuna.ro\/capacitarea-romilor\/en\/wp-json\/wp\/v2\/types\/post"}],"author":[{"embeddable":true,"href":"https:\/\/www.agentiaimpreuna.ro\/capacitarea-romilor\/en\/wp-json\/wp\/v2\/users\/1"}],"replies":[{"embeddable":true,"href":"https:\/\/www.agentiaimpreuna.ro\/capacitarea-romilor\/en\/wp-json\/wp\/v2\/comments?post=941"}],"version-history":[{"count":0,"href":"https:\/\/www.agentiaimpreuna.ro\/capacitarea-romilor\/en\/wp-json\/wp\/v2\/posts\/941\/revisions"}],"wp:featuredmedia":[{"embeddable":true,"href":"https:\/\/www.agentiaimpreuna.ro\/capacitarea-romilor\/en\/wp-json\/wp\/v2\/media\/956"}],"wp:attachment":[{"href":"https:\/\/www.agentiaimpreuna.ro\/capacitarea-romilor\/en\/wp-json\/wp\/v2\/media?parent=941"}],"wp:term":[{"taxonomy":"category","embeddable":true,"href":"https:\/\/www.agentiaimpreuna.ro\/capacitarea-romilor\/en\/wp-json\/wp\/v2\/categories?post=941"},{"taxonomy":"post_tag","embeddable":true,"href":"https:\/\/www.agentiaimpreuna.ro\/capacitarea-romilor\/en\/wp-json\/wp\/v2\/tags?post=941"}],"curies":[{"name":"wp","href":"https:\/\/api.w.org\/{rel}","templated":true}]}}