{"id":1099,"date":"2022-09-06T08:58:30","date_gmt":"2022-09-06T08:58:30","guid":{"rendered":"https:\/\/www.agentiaimpreuna.ro\/capacitarea-romilor\/?p=1099"},"modified":"2022-09-06T08:58:30","modified_gmt":"2022-09-06T08:58:30","slug":"conferinta-de-incheiere","status":"publish","type":"post","link":"https:\/\/www.agentiaimpreuna.ro\/capacitarea-romilor\/en\/2022\/09\/06\/conferinta-de-incheiere\/","title":{"rendered":"Closing conference"},"content":{"rendered":"<p>On August 31st, the closing conference of the project \"Capacitating and Empowering of Roma through Lobby and Action\" took place. At the end of the road, we leave with the thought that we managed to give a voice to the vulnerable groups from 12 interethnic rural communities from Br\u0103ila, C\u0103l\u0103ra\u0219i and Constan\u021ba counties.<\/p>\n\n\n\n<p>Together with the Sastipen Organization and the ACEDO Organization, our partners, during these months, we focused on:<\/p>\n\n\n\n<p><img loading=\"lazy\" decoding=\"async\" height=\"16\" width=\"16\" alt=\"1\ufe0f\u20e3\" src=\"https:\/\/static.xx.fbcdn.net\/images\/emoji.php\/v9\/t59\/2\/16\/31_20e3.png\">. Creating and mobilizing of 12 interethnic groups of representation and action at the level of 12 rural communities over a period of 18 months. <a><\/a>la nivelul a 12 comunit\u0103\u021bi rurale pe o perioad\u0103 de 18 luni.<\/p>\n\n\n\n<p><img loading=\"lazy\" decoding=\"async\" height=\"16\" width=\"16\" alt=\"2\ufe0f\u20e3\" src=\"https:\/\/static.xx.fbcdn.net\/images\/emoji.php\/v9\/t78\/2\/16\/32_20e3.png\">. Increasing the involvement of 660 people belonging to vulnerable groups (Roma and non-Roma) from 12 interethnic rural communities to the life of the community over a period of 18 months.<\/p>\n\n\n\n<p><img loading=\"lazy\" decoding=\"async\" height=\"16\" width=\"16\" alt=\"3\ufe0f\u20e3\" src=\"https:\/\/static.xx.fbcdn.net\/images\/emoji.php\/v9\/t97\/2\/16\/33_20e3.png\">. Improving transparency and governance procedures at the level of 3 Roma organizations over a period of 13 months (Organizational development objective).<\/p>\n\n\n\n<p>In short, busy months in which we discussed about Roma inclusion, identity and representation, about the needs of the community, how they can be prioritized by them, about local action plans supported in front of local public authorities, how they can take part in the development of the community, in the development of relations with local and county authorities and, especially, the work ... <a href=\"https:\/\/www.facebook.com\/hashtag\/%C3%AEmpreun%C4%83?__eep__=6&amp;__cft__[0]=AZVK6Cp1G0o5LWDT0S0NiTQvqkqUyr4TbO5dzm06pBY0Ft1CcbyK-HTZUSH2xUbdLCLmAjyHEEi4mRGnnvyAJOX3FNYKmJESMgRZd2Qc01AUrzN7SOclxtcn6O5WiJSAIpWrIm3F2YalN8Rlcz85g7x7FwnXu2vVZoL4cxZxV0ID-Wy-waGqqDnlENHg8Fh31fcDn-OrXq9NP_Qscmkmnomv&amp;__tn__=*NK-R\" target=\"_blank\" rel=\"noopener\">you<\/a>.<\/p>\n\n\n\n<figure class=\"wp-block-gallery has-nested-images columns-default is-cropped wp-block-gallery-1 is-layout-flex wp-block-gallery-is-layout-flex\">\n<figure class=\"wp-block-image size-large\"><img loading=\"lazy\" decoding=\"async\" width=\"1024\" height=\"768\" data-id=\"1101\" src=\"https:\/\/www.agentiaimpreuna.ro\/capacitarea-romilor\/wp-content\/uploads\/2022\/09\/304814131_1525816834538579_4167412964742541429_n-1024x768.jpg\" alt=\"\" class=\"wp-image-1101\" srcset=\"https:\/\/www.agentiaimpreuna.ro\/capacitarea-romilor\/wp-content\/uploads\/2022\/09\/304814131_1525816834538579_4167412964742541429_n-1024x768.jpg 1024w, https:\/\/www.agentiaimpreuna.ro\/capacitarea-romilor\/wp-content\/uploads\/2022\/09\/304814131_1525816834538579_4167412964742541429_n-300x225.jpg 300w, https:\/\/www.agentiaimpreuna.ro\/capacitarea-romilor\/wp-content\/uploads\/2022\/09\/304814131_1525816834538579_4167412964742541429_n-768x576.jpg 768w, https:\/\/www.agentiaimpreuna.ro\/capacitarea-romilor\/wp-content\/uploads\/2022\/09\/304814131_1525816834538579_4167412964742541429_n-1536x1152.jpg 1536w, https:\/\/www.agentiaimpreuna.ro\/capacitarea-romilor\/wp-content\/uploads\/2022\/09\/304814131_1525816834538579_4167412964742541429_n-2048x1536.jpg 2048w, https:\/\/www.agentiaimpreuna.ro\/capacitarea-romilor\/wp-content\/uploads\/2022\/09\/304814131_1525816834538579_4167412964742541429_n-16x12.jpg 16w\" sizes=\"auto, (max-width: 1024px) 100vw, 1024px\" \/><\/figure>\n\n\n\n<figure class=\"wp-block-image size-large\"><img loading=\"lazy\" decoding=\"async\" width=\"1024\" height=\"768\" data-id=\"1102\" src=\"https:\/\/www.agentiaimpreuna.ro\/capacitarea-romilor\/wp-content\/uploads\/2022\/09\/305009742_942098410041289_713720822517419239_n-1024x768.jpg\" alt=\"\" class=\"wp-image-1102\" srcset=\"https:\/\/www.agentiaimpreuna.ro\/capacitarea-romilor\/wp-content\/uploads\/2022\/09\/305009742_942098410041289_713720822517419239_n-1024x768.jpg 1024w, https:\/\/www.agentiaimpreuna.ro\/capacitarea-romilor\/wp-content\/uploads\/2022\/09\/305009742_942098410041289_713720822517419239_n-300x225.jpg 300w, https:\/\/www.agentiaimpreuna.ro\/capacitarea-romilor\/wp-content\/uploads\/2022\/09\/305009742_942098410041289_713720822517419239_n-768x576.jpg 768w, https:\/\/www.agentiaimpreuna.ro\/capacitarea-romilor\/wp-content\/uploads\/2022\/09\/305009742_942098410041289_713720822517419239_n-1536x1152.jpg 1536w, https:\/\/www.agentiaimpreuna.ro\/capacitarea-romilor\/wp-content\/uploads\/2022\/09\/305009742_942098410041289_713720822517419239_n-2048x1536.jpg 2048w, https:\/\/www.agentiaimpreuna.ro\/capacitarea-romilor\/wp-content\/uploads\/2022\/09\/305009742_942098410041289_713720822517419239_n-16x12.jpg 16w\" sizes=\"auto, (max-width: 1024px) 100vw, 1024px\" \/><\/figure>\n\n\n\n<figure class=\"wp-block-image size-large\"><img loading=\"lazy\" decoding=\"async\" width=\"1024\" height=\"768\" data-id=\"1104\" src=\"https:\/\/www.agentiaimpreuna.ro\/capacitarea-romilor\/wp-content\/uploads\/2022\/09\/304820734_624662345682337_2825539287840553581_n-1024x768.jpg\" alt=\"\" class=\"wp-image-1104\" srcset=\"https:\/\/www.agentiaimpreuna.ro\/capacitarea-romilor\/wp-content\/uploads\/2022\/09\/304820734_624662345682337_2825539287840553581_n-1024x768.jpg 1024w, https:\/\/www.agentiaimpreuna.ro\/capacitarea-romilor\/wp-content\/uploads\/2022\/09\/304820734_624662345682337_2825539287840553581_n-300x225.jpg 300w, https:\/\/www.agentiaimpreuna.ro\/capacitarea-romilor\/wp-content\/uploads\/2022\/09\/304820734_624662345682337_2825539287840553581_n-768x576.jpg 768w, https:\/\/www.agentiaimpreuna.ro\/capacitarea-romilor\/wp-content\/uploads\/2022\/09\/304820734_624662345682337_2825539287840553581_n-1536x1152.jpg 1536w, https:\/\/www.agentiaimpreuna.ro\/capacitarea-romilor\/wp-content\/uploads\/2022\/09\/304820734_624662345682337_2825539287840553581_n-2048x1536.jpg 2048w, https:\/\/www.agentiaimpreuna.ro\/capacitarea-romilor\/wp-content\/uploads\/2022\/09\/304820734_624662345682337_2825539287840553581_n-16x12.jpg 16w\" sizes=\"auto, (max-width: 1024px) 100vw, 1024px\" \/><\/figure>\n\n\n\n<figure class=\"wp-block-image size-large\"><img loading=\"lazy\" decoding=\"async\" width=\"1024\" height=\"768\" data-id=\"1105\" src=\"https:\/\/www.agentiaimpreuna.ro\/capacitarea-romilor\/wp-content\/uploads\/2022\/09\/304941088_891510185336866_1064470754588350159_n-1024x768.jpg\" alt=\"\" class=\"wp-image-1105\" srcset=\"https:\/\/www.agentiaimpreuna.ro\/capacitarea-romilor\/wp-content\/uploads\/2022\/09\/304941088_891510185336866_1064470754588350159_n-1024x768.jpg 1024w, https:\/\/www.agentiaimpreuna.ro\/capacitarea-romilor\/wp-content\/uploads\/2022\/09\/304941088_891510185336866_1064470754588350159_n-300x225.jpg 300w, https:\/\/www.agentiaimpreuna.ro\/capacitarea-romilor\/wp-content\/uploads\/2022\/09\/304941088_891510185336866_1064470754588350159_n-768x576.jpg 768w, https:\/\/www.agentiaimpreuna.ro\/capacitarea-romilor\/wp-content\/uploads\/2022\/09\/304941088_891510185336866_1064470754588350159_n-1536x1152.jpg 1536w, https:\/\/www.agentiaimpreuna.ro\/capacitarea-romilor\/wp-content\/uploads\/2022\/09\/304941088_891510185336866_1064470754588350159_n-2048x1536.jpg 2048w, https:\/\/www.agentiaimpreuna.ro\/capacitarea-romilor\/wp-content\/uploads\/2022\/09\/304941088_891510185336866_1064470754588350159_n-16x12.jpg 16w\" sizes=\"auto, (max-width: 1024px) 100vw, 1024px\" \/><\/figure>\n\n\n\n<figure class=\"wp-block-image size-large\"><img loading=\"lazy\" decoding=\"async\" width=\"768\" height=\"1024\" data-id=\"1100\" src=\"https:\/\/www.agentiaimpreuna.ro\/capacitarea-romilor\/wp-content\/uploads\/2022\/09\/304957357_634465978271296_5527433359467511938_n-768x1024.jpg\" alt=\"\" class=\"wp-image-1100\" srcset=\"https:\/\/www.agentiaimpreuna.ro\/capacitarea-romilor\/wp-content\/uploads\/2022\/09\/304957357_634465978271296_5527433359467511938_n-768x1024.jpg 768w, https:\/\/www.agentiaimpreuna.ro\/capacitarea-romilor\/wp-content\/uploads\/2022\/09\/304957357_634465978271296_5527433359467511938_n-225x300.jpg 225w, https:\/\/www.agentiaimpreuna.ro\/capacitarea-romilor\/wp-content\/uploads\/2022\/09\/304957357_634465978271296_5527433359467511938_n-1152x1536.jpg 1152w, https:\/\/www.agentiaimpreuna.ro\/capacitarea-romilor\/wp-content\/uploads\/2022\/09\/304957357_634465978271296_5527433359467511938_n-1536x2048.jpg 1536w, https:\/\/www.agentiaimpreuna.ro\/capacitarea-romilor\/wp-content\/uploads\/2022\/09\/304957357_634465978271296_5527433359467511938_n-9x12.jpg 9w, https:\/\/www.agentiaimpreuna.ro\/capacitarea-romilor\/wp-content\/uploads\/2022\/09\/304957357_634465978271296_5527433359467511938_n-scaled.jpg 1920w\" sizes=\"auto, (max-width: 768px) 100vw, 768px\" \/><\/figure>\n\n\n\n<figure class=\"wp-block-image size-large\"><img loading=\"lazy\" decoding=\"async\" width=\"1024\" height=\"768\" data-id=\"1103\" src=\"https:\/\/www.agentiaimpreuna.ro\/capacitarea-romilor\/wp-content\/uploads\/2022\/09\/304971615_1044365506262402_2509249349661148227_n-1024x768.jpg\" alt=\"\" class=\"wp-image-1103\" srcset=\"https:\/\/www.agentiaimpreuna.ro\/capacitarea-romilor\/wp-content\/uploads\/2022\/09\/304971615_1044365506262402_2509249349661148227_n-1024x768.jpg 1024w, https:\/\/www.agentiaimpreuna.ro\/capacitarea-romilor\/wp-content\/uploads\/2022\/09\/304971615_1044365506262402_2509249349661148227_n-300x225.jpg 300w, https:\/\/www.agentiaimpreuna.ro\/capacitarea-romilor\/wp-content\/uploads\/2022\/09\/304971615_1044365506262402_2509249349661148227_n-768x576.jpg 768w, https:\/\/www.agentiaimpreuna.ro\/capacitarea-romilor\/wp-content\/uploads\/2022\/09\/304971615_1044365506262402_2509249349661148227_n-1536x1152.jpg 1536w, https:\/\/www.agentiaimpreuna.ro\/capacitarea-romilor\/wp-content\/uploads\/2022\/09\/304971615_1044365506262402_2509249349661148227_n-2048x1536.jpg 2048w, https:\/\/www.agentiaimpreuna.ro\/capacitarea-romilor\/wp-content\/uploads\/2022\/09\/304971615_1044365506262402_2509249349661148227_n-16x12.jpg 16w\" sizes=\"auto, (max-width: 1024px) 100vw, 1024px\" \/><\/figure>\n<\/figure>","protected":false},"excerpt":{"rendered":"<p>Pe 31 august a avut loc conferin\u021ba de \u00eencheiere a proiectului \u201eCapacitarea \u0219i Abilitarea Romilor prin Lobby \u0219i Ac\u021biune\u201d. La final de drum, plec\u0103m cu g\u00e2ndul c\u0103 am reu\u0219it s\u0103 d\u0103m voce grupurilor vulnerabile din 12 comunit\u0103\u021bi rurale interetnice din jude\u021bele Br\u0103ila, C\u0103l\u0103ra\u0219i \u0219i Constan\u021ba. \u00cempreun\u0103 cu Organiza\u021bia Sastipen \u0219i Organiza\u021bia ACEDO, partenerii no\u0219tri, pe parcursul acestor luni, ne-am axat pe: . Crearea \u0219i mobilizarea a 12 grupuri interetnice de reprezentare \u0219i ac\u021biune la nivelul a 12 comunit\u0103\u021bi rurale pe o perioad\u0103 de 18 luni. . Cre\u0219terea implic\u0103rii la via\u021ba comunit\u0103\u021bii a 660 de persoane apar\u021bin\u00e2nd grupurilor vulnerabile (romi \u0219i\u2026<\/p>","protected":false},"author":1,"featured_media":1101,"comment_status":"open","ping_status":"open","sticky":false,"template":"","format":"standard","meta":{"qubely_global_settings":"","qubely_interactions":"","footnotes":""},"categories":[1],"tags":[],"class_list":["post-1099","post","type-post","status-publish","format-standard","has-post-thumbnail","hentry","category-uncategorized"],"blocksy_meta":{"styles_descriptor":{"styles":{"desktop":"","tablet":"","mobile":""},"google_fonts":[]}},"qubely_featured_image_url":{"full":["https:\/\/www.agentiaimpreuna.ro\/capacitarea-romilor\/wp-content\/uploads\/2022\/09\/304814131_1525816834538579_4167412964742541429_n-scaled.jpg",2560,1920,false],"landscape":["https:\/\/www.agentiaimpreuna.ro\/capacitarea-romilor\/wp-content\/uploads\/2022\/09\/304814131_1525816834538579_4167412964742541429_n-1200x750.jpg",1200,750,true],"portraits":["https:\/\/www.agentiaimpreuna.ro\/capacitarea-romilor\/wp-content\/uploads\/2022\/09\/304814131_1525816834538579_4167412964742541429_n-540x320.jpg",540,320,true],"thumbnail":["https:\/\/www.agentiaimpreuna.ro\/capacitarea-romilor\/wp-content\/uploads\/2022\/09\/304814131_1525816834538579_4167412964742541429_n-150x150.jpg",150,150,true],"medium":["https:\/\/www.agentiaimpreuna.ro\/capacitarea-romilor\/wp-content\/uploads\/2022\/09\/304814131_1525816834538579_4167412964742541429_n-300x225.jpg",300,225,true],"medium_large":["https:\/\/www.agentiaimpreuna.ro\/capacitarea-romilor\/wp-content\/uploads\/2022\/09\/304814131_1525816834538579_4167412964742541429_n-768x576.jpg",768,576,true],"large":["https:\/\/www.agentiaimpreuna.ro\/capacitarea-romilor\/wp-content\/uploads\/2022\/09\/304814131_1525816834538579_4167412964742541429_n-1024x768.jpg",1024,768,true],"1536x1536":["https:\/\/www.agentiaimpreuna.ro\/capacitarea-romilor\/wp-content\/uploads\/2022\/09\/304814131_1525816834538579_4167412964742541429_n-1536x1152.jpg",1536,1152,true],"2048x2048":["https:\/\/www.agentiaimpreuna.ro\/capacitarea-romilor\/wp-content\/uploads\/2022\/09\/304814131_1525816834538579_4167412964742541429_n-2048x1536.jpg",2048,1536,true],"trp-custom-language-flag":["https:\/\/www.agentiaimpreuna.ro\/capacitarea-romilor\/wp-content\/uploads\/2022\/09\/304814131_1525816834538579_4167412964742541429_n-16x12.jpg",16,12,true],"qubely_landscape":["https:\/\/www.agentiaimpreuna.ro\/capacitarea-romilor\/wp-content\/uploads\/2022\/09\/304814131_1525816834538579_4167412964742541429_n-1200x750.jpg",1200,750,true],"qubely_portrait":["https:\/\/www.agentiaimpreuna.ro\/capacitarea-romilor\/wp-content\/uploads\/2022\/09\/304814131_1525816834538579_4167412964742541429_n-540x320.jpg",540,320,true],"qubely_thumbnail":["https:\/\/www.agentiaimpreuna.ro\/capacitarea-romilor\/wp-content\/uploads\/2022\/09\/304814131_1525816834538579_4167412964742541429_n-140x100.jpg",140,100,true]},"qubely_author":{"display_name":"agenadmin","author_link":"https:\/\/www.agentiaimpreuna.ro\/capacitarea-romilor\/en\/author\/agenadmin\/"},"qubely_comment":0,"qubely_category":"<a href=\"https:\/\/www.agentiaimpreuna.ro\/capacitarea-romilor\/en\/category\/uncategorized\/\" rel=\"category tag\">Uncategorized<\/a>","qubely_excerpt":"Pe 31 august a avut loc conferin\u021ba de \u00eencheiere a proiectului \u201eCapacitarea \u0219i Abilitarea Romilor prin Lobby \u0219i Ac\u021biune\u201d. La final de drum, plec\u0103m cu g\u00e2ndul c\u0103 am reu\u0219it s\u0103 d\u0103m voce grupurilor vulnerabile din 12 comunit\u0103\u021bi rurale interetnice din jude\u021bele Br\u0103ila, C\u0103l\u0103ra\u0219i \u0219i Constan\u021ba. \u00cempreun\u0103 cu Organiza\u021bia Sastipen \u0219i Organiza\u021bia ACEDO, partenerii no\u0219tri, pe&hellip;","featured_image_urls":{"full":["https:\/\/www.agentiaimpreuna.ro\/capacitarea-romilor\/wp-content\/uploads\/2022\/09\/304814131_1525816834538579_4167412964742541429_n-scaled.jpg",2560,1920,false],"thumbnail":["https:\/\/www.agentiaimpreuna.ro\/capacitarea-romilor\/wp-content\/uploads\/2022\/09\/304814131_1525816834538579_4167412964742541429_n-150x150.jpg",150,150,true],"medium":["https:\/\/www.agentiaimpreuna.ro\/capacitarea-romilor\/wp-content\/uploads\/2022\/09\/304814131_1525816834538579_4167412964742541429_n-300x225.jpg",300,225,true],"medium_large":["https:\/\/www.agentiaimpreuna.ro\/capacitarea-romilor\/wp-content\/uploads\/2022\/09\/304814131_1525816834538579_4167412964742541429_n-768x576.jpg",768,576,true],"large":["https:\/\/www.agentiaimpreuna.ro\/capacitarea-romilor\/wp-content\/uploads\/2022\/09\/304814131_1525816834538579_4167412964742541429_n-1024x768.jpg",1024,768,true],"1536x1536":["https:\/\/www.agentiaimpreuna.ro\/capacitarea-romilor\/wp-content\/uploads\/2022\/09\/304814131_1525816834538579_4167412964742541429_n-1536x1152.jpg",1536,1152,true],"2048x2048":["https:\/\/www.agentiaimpreuna.ro\/capacitarea-romilor\/wp-content\/uploads\/2022\/09\/304814131_1525816834538579_4167412964742541429_n-2048x1536.jpg",2048,1536,true],"trp-custom-language-flag":["https:\/\/www.agentiaimpreuna.ro\/capacitarea-romilor\/wp-content\/uploads\/2022\/09\/304814131_1525816834538579_4167412964742541429_n-16x12.jpg",16,12,true],"qubely_landscape":["https:\/\/www.agentiaimpreuna.ro\/capacitarea-romilor\/wp-content\/uploads\/2022\/09\/304814131_1525816834538579_4167412964742541429_n-1200x750.jpg",1200,750,true],"qubely_portrait":["https:\/\/www.agentiaimpreuna.ro\/capacitarea-romilor\/wp-content\/uploads\/2022\/09\/304814131_1525816834538579_4167412964742541429_n-540x320.jpg",540,320,true],"qubely_thumbnail":["https:\/\/www.agentiaimpreuna.ro\/capacitarea-romilor\/wp-content\/uploads\/2022\/09\/304814131_1525816834538579_4167412964742541429_n-140x100.jpg",140,100,true]},"post_excerpt_stackable":"<p>Pe 31 august a avut loc conferin\u021ba de \u00eencheiere a proiectului \u201eCapacitarea \u0219i Abilitarea Romilor prin Lobby \u0219i Ac\u021biune\u201d. La final de drum, plec\u0103m cu g\u00e2ndul c\u0103 am reu\u0219it s\u0103 d\u0103m voce grupurilor vulnerabile din 12 comunit\u0103\u021bi rurale interetnice din jude\u021bele Br\u0103ila, C\u0103l\u0103ra\u0219i \u0219i Constan\u021ba. \u00cempreun\u0103 cu Organiza\u021bia Sastipen \u0219i Organiza\u021bia ACEDO, partenerii no\u0219tri, pe parcursul acestor luni, ne-am axat pe: . Crearea \u0219i mobilizarea a 12 grupuri interetnice de reprezentare \u0219i ac\u021biune la nivelul a 12 comunit\u0103\u021bi rurale pe o perioad\u0103 de 18 luni. . Cre\u0219terea implic\u0103rii la via\u021ba comunit\u0103\u021bii a 660 de persoane apar\u021bin\u00e2nd grupurilor vulnerabile (romi \u0219i&hellip;<\/p>\n","category_list":"<a href=\"https:\/\/www.agentiaimpreuna.ro\/capacitarea-romilor\/en\/category\/uncategorized\/\" rel=\"category tag\">Uncategorized<\/a>","author_info":{"name":"agenadmin","url":"https:\/\/www.agentiaimpreuna.ro\/capacitarea-romilor\/en\/author\/agenadmin\/"},"comments_num":"0 comments","featured_image_urls_v2":{"full":["https:\/\/www.agentiaimpreuna.ro\/capacitarea-romilor\/wp-content\/uploads\/2022\/09\/304814131_1525816834538579_4167412964742541429_n-scaled.jpg",2560,1920,false],"thumbnail":["https:\/\/www.agentiaimpreuna.ro\/capacitarea-romilor\/wp-content\/uploads\/2022\/09\/304814131_1525816834538579_4167412964742541429_n-150x150.jpg",150,150,true],"medium":["https:\/\/www.agentiaimpreuna.ro\/capacitarea-romilor\/wp-content\/uploads\/2022\/09\/304814131_1525816834538579_4167412964742541429_n-300x225.jpg",300,225,true],"medium_large":["https:\/\/www.agentiaimpreuna.ro\/capacitarea-romilor\/wp-content\/uploads\/2022\/09\/304814131_1525816834538579_4167412964742541429_n-768x576.jpg",768,576,true],"large":["https:\/\/www.agentiaimpreuna.ro\/capacitarea-romilor\/wp-content\/uploads\/2022\/09\/304814131_1525816834538579_4167412964742541429_n-1024x768.jpg",1024,768,true],"1536x1536":["https:\/\/www.agentiaimpreuna.ro\/capacitarea-romilor\/wp-content\/uploads\/2022\/09\/304814131_1525816834538579_4167412964742541429_n-1536x1152.jpg",1536,1152,true],"2048x2048":["https:\/\/www.agentiaimpreuna.ro\/capacitarea-romilor\/wp-content\/uploads\/2022\/09\/304814131_1525816834538579_4167412964742541429_n-2048x1536.jpg",2048,1536,true],"trp-custom-language-flag":["https:\/\/www.agentiaimpreuna.ro\/capacitarea-romilor\/wp-content\/uploads\/2022\/09\/304814131_1525816834538579_4167412964742541429_n-16x12.jpg",16,12,true],"qubely_landscape":["https:\/\/www.agentiaimpreuna.ro\/capacitarea-romilor\/wp-content\/uploads\/2022\/09\/304814131_1525816834538579_4167412964742541429_n-1200x750.jpg",1200,750,true],"qubely_portrait":["https:\/\/www.agentiaimpreuna.ro\/capacitarea-romilor\/wp-content\/uploads\/2022\/09\/304814131_1525816834538579_4167412964742541429_n-540x320.jpg",540,320,true],"qubely_thumbnail":["https:\/\/www.agentiaimpreuna.ro\/capacitarea-romilor\/wp-content\/uploads\/2022\/09\/304814131_1525816834538579_4167412964742541429_n-140x100.jpg",140,100,true]},"post_excerpt_stackable_v2":"<p>Pe 31 august a avut loc conferin\u021ba de \u00eencheiere a proiectului \u201eCapacitarea \u0219i Abilitarea Romilor prin Lobby \u0219i Ac\u021biune\u201d. La final de drum, plec\u0103m cu g\u00e2ndul c\u0103 am reu\u0219it s\u0103 d\u0103m voce grupurilor vulnerabile din 12 comunit\u0103\u021bi rurale interetnice din jude\u021bele Br\u0103ila, C\u0103l\u0103ra\u0219i \u0219i Constan\u021ba. \u00cempreun\u0103 cu Organiza\u021bia Sastipen \u0219i Organiza\u021bia ACEDO, partenerii no\u0219tri, pe parcursul acestor luni, ne-am axat pe: . Crearea \u0219i mobilizarea a 12 grupuri interetnice de reprezentare \u0219i ac\u021biune la nivelul a 12 comunit\u0103\u021bi rurale pe o perioad\u0103 de 18 luni. . Cre\u0219terea implic\u0103rii la via\u021ba comunit\u0103\u021bii a 660 de persoane apar\u021bin\u00e2nd grupurilor vulnerabile (romi \u0219i&hellip;<\/p>\n","category_list_v2":"<a href=\"https:\/\/www.agentiaimpreuna.ro\/capacitarea-romilor\/en\/category\/uncategorized\/\" rel=\"category tag\">Uncategorized<\/a>","author_info_v2":{"name":"agenadmin","url":"https:\/\/www.agentiaimpreuna.ro\/capacitarea-romilor\/en\/author\/agenadmin\/"},"comments_num_v2":"0 comments","_links":{"self":[{"href":"https:\/\/www.agentiaimpreuna.ro\/capacitarea-romilor\/en\/wp-json\/wp\/v2\/posts\/1099","targetHints":{"allow":["GET"]}}],"collection":[{"href":"https:\/\/www.agentiaimpreuna.ro\/capacitarea-romilor\/en\/wp-json\/wp\/v2\/posts"}],"about":[{"href":"https:\/\/www.agentiaimpreuna.ro\/capacitarea-romilor\/en\/wp-json\/wp\/v2\/types\/post"}],"author":[{"embeddable":true,"href":"https:\/\/www.agentiaimpreuna.ro\/capacitarea-romilor\/en\/wp-json\/wp\/v2\/users\/1"}],"replies":[{"embeddable":true,"href":"https:\/\/www.agentiaimpreuna.ro\/capacitarea-romilor\/en\/wp-json\/wp\/v2\/comments?post=1099"}],"version-history":[{"count":0,"href":"https:\/\/www.agentiaimpreuna.ro\/capacitarea-romilor\/en\/wp-json\/wp\/v2\/posts\/1099\/revisions"}],"wp:featuredmedia":[{"embeddable":true,"href":"https:\/\/www.agentiaimpreuna.ro\/capacitarea-romilor\/en\/wp-json\/wp\/v2\/media\/1101"}],"wp:attachment":[{"href":"https:\/\/www.agentiaimpreuna.ro\/capacitarea-romilor\/en\/wp-json\/wp\/v2\/media?parent=1099"}],"wp:term":[{"taxonomy":"category","embeddable":true,"href":"https:\/\/www.agentiaimpreuna.ro\/capacitarea-romilor\/en\/wp-json\/wp\/v2\/categories?post=1099"},{"taxonomy":"post_tag","embeddable":true,"href":"https:\/\/www.agentiaimpreuna.ro\/capacitarea-romilor\/en\/wp-json\/wp\/v2\/tags?post=1099"}],"curies":[{"name":"wp","href":"https:\/\/api.w.org\/{rel}","templated":true}]}}