{"id":1094,"date":"2022-09-02T08:33:59","date_gmt":"2022-09-02T08:33:59","guid":{"rendered":"https:\/\/www.agentiaimpreuna.ro\/capacitarea-romilor\/?p=1094"},"modified":"2022-09-02T08:34:20","modified_gmt":"2022-09-02T08:34:20","slug":"a-doua-actiune-de-advocacy-judetul-braila","status":"publish","type":"post","link":"https:\/\/www.agentiaimpreuna.ro\/capacitarea-romilor\/en\/2022\/09\/02\/a-doua-actiune-de-advocacy-judetul-braila\/","title":{"rendered":"The second advocacy action (Br\u0103ila county)"},"content":{"rendered":"<p>On August 12th, 2022, in Unirea commune (Br\u0103ila County) took place the second advocacy action, organized by the members of the newly established non-governmental organizations, within the project \"Capacitating and Empowering of Roma through Lobby and Action\".<\/p>\n\n\n\n<p>Within this action, they presented to the local authorities a series of problems identified in the community development process by the NGO members and adapted in the form of short- and <a><\/a>medium-term solutions within the framework of the Local Action Plans.<\/p>\n\n\n\n<p>The action was attended by the project manager, the county facilitator, members of the 4 newly established NGOs in Braila County (Unirea, Galbenu, Vi\u0219ani and Berte\u0219tii de Jos), and other social actors from local and county level.<\/p>\n\n\n\n<figure class=\"wp-block-gallery has-nested-images columns-default is-cropped wp-block-gallery-1 is-layout-flex wp-block-gallery-is-layout-flex\">\n<figure class=\"wp-block-image size-large\"><img loading=\"lazy\" decoding=\"async\" width=\"2048\" height=\"1536\" data-id=\"1096\" src=\"https:\/\/www.agentiaimpreuna.ro\/capacitarea-romilor\/wp-content\/uploads\/2022\/09\/WhatsApp-Image-2022-09-02-at-11.19.17.jpeg\" alt=\"\" class=\"wp-image-1096\" srcset=\"https:\/\/www.agentiaimpreuna.ro\/capacitarea-romilor\/wp-content\/uploads\/2022\/09\/WhatsApp-Image-2022-09-02-at-11.19.17.jpeg 2048w, https:\/\/www.agentiaimpreuna.ro\/capacitarea-romilor\/wp-content\/uploads\/2022\/09\/WhatsApp-Image-2022-09-02-at-11.19.17-300x225.jpeg 300w, https:\/\/www.agentiaimpreuna.ro\/capacitarea-romilor\/wp-content\/uploads\/2022\/09\/WhatsApp-Image-2022-09-02-at-11.19.17-1024x768.jpeg 1024w, https:\/\/www.agentiaimpreuna.ro\/capacitarea-romilor\/wp-content\/uploads\/2022\/09\/WhatsApp-Image-2022-09-02-at-11.19.17-768x576.jpeg 768w, https:\/\/www.agentiaimpreuna.ro\/capacitarea-romilor\/wp-content\/uploads\/2022\/09\/WhatsApp-Image-2022-09-02-at-11.19.17-1536x1152.jpeg 1536w, https:\/\/www.agentiaimpreuna.ro\/capacitarea-romilor\/wp-content\/uploads\/2022\/09\/WhatsApp-Image-2022-09-02-at-11.19.17-16x12.jpeg 16w\" sizes=\"auto, (max-width: 2048px) 100vw, 2048px\" \/><\/figure>\n\n\n\n<figure class=\"wp-block-image size-large\"><img loading=\"lazy\" decoding=\"async\" width=\"1600\" height=\"1200\" data-id=\"1095\" src=\"https:\/\/www.agentiaimpreuna.ro\/capacitarea-romilor\/wp-content\/uploads\/2022\/09\/WhatsApp-Image-2022-09-02-at-11.18.59.jpeg\" alt=\"\" class=\"wp-image-1095\" srcset=\"https:\/\/www.agentiaimpreuna.ro\/capacitarea-romilor\/wp-content\/uploads\/2022\/09\/WhatsApp-Image-2022-09-02-at-11.18.59.jpeg 1600w, https:\/\/www.agentiaimpreuna.ro\/capacitarea-romilor\/wp-content\/uploads\/2022\/09\/WhatsApp-Image-2022-09-02-at-11.18.59-300x225.jpeg 300w, https:\/\/www.agentiaimpreuna.ro\/capacitarea-romilor\/wp-content\/uploads\/2022\/09\/WhatsApp-Image-2022-09-02-at-11.18.59-1024x768.jpeg 1024w, https:\/\/www.agentiaimpreuna.ro\/capacitarea-romilor\/wp-content\/uploads\/2022\/09\/WhatsApp-Image-2022-09-02-at-11.18.59-768x576.jpeg 768w, https:\/\/www.agentiaimpreuna.ro\/capacitarea-romilor\/wp-content\/uploads\/2022\/09\/WhatsApp-Image-2022-09-02-at-11.18.59-1536x1152.jpeg 1536w, https:\/\/www.agentiaimpreuna.ro\/capacitarea-romilor\/wp-content\/uploads\/2022\/09\/WhatsApp-Image-2022-09-02-at-11.18.59-16x12.jpeg 16w\" sizes=\"auto, (max-width: 1600px) 100vw, 1600px\" \/><\/figure>\n<\/figure>\n\n\n\n<p>#Capacitarea\u0218iAbilitareaRomilor<\/p>\n\n\n\n<p>#haide #ActiveCitizensFund #Romania #activecitizens #EEANorwayGrants<\/p>\n\n\n\n<p>Active Citizens Fund &#8211; Romania<\/p>","protected":false},"excerpt":{"rendered":"<p>\u00cen 12 august 2022, \u00een comuna Unirea (judetul Br\u0103ila) a avut loc a doua ac\u021biune de advocacy, organizat\u0103 de c\u0103tre membrii organiza\u021biilor non-guvernamentale nou \u00eenfiin\u021bate, \u00een cadrul proiectului \u201eCapacitarea \u0219i Abilitarea Romilor prin Lobby \u0219i Ac\u021biune\u201d. \u00cen cadrul acestei ac\u021biuni au expus \u00een fa\u021ba autorit\u0103\u021bilor locale o serie de probleme identificate \u00een cadrul procesului de dezvoltare comunitar\u0103 de c\u0103tre membrii ONG-urilor \u0219i adaptate sub forma unor solu\u021bii pe termen scurt \u0219i mediu \u00een cadrul Planurilor de ac\u021biune local\u0103. La ac\u021biune au participat managerul proiectului, facilitatorul jude\u021bean, membrii din cele 4 ONG-uri nou-\u00eenfiin\u021bate \u00een jude\u021bul Br\u0103ila (Unirea, Galbenu, Vi\u0219ani \u0219i Berte\u0219tii\u2026<\/p>","protected":false},"author":1,"featured_media":1096,"comment_status":"open","ping_status":"open","sticky":false,"template":"","format":"standard","meta":{"qubely_global_settings":"","qubely_interactions":"","footnotes":""},"categories":[1],"tags":[],"class_list":["post-1094","post","type-post","status-publish","format-standard","has-post-thumbnail","hentry","category-uncategorized"],"blocksy_meta":{"styles_descriptor":{"styles":{"desktop":"","tablet":"","mobile":""},"google_fonts":[]}},"qubely_featured_image_url":{"full":["https:\/\/www.agentiaimpreuna.ro\/capacitarea-romilor\/wp-content\/uploads\/2022\/09\/WhatsApp-Image-2022-09-02-at-11.19.17.jpeg",2048,1536,false],"landscape":["https:\/\/www.agentiaimpreuna.ro\/capacitarea-romilor\/wp-content\/uploads\/2022\/09\/WhatsApp-Image-2022-09-02-at-11.19.17-1200x750.jpeg",1200,750,true],"portraits":["https:\/\/www.agentiaimpreuna.ro\/capacitarea-romilor\/wp-content\/uploads\/2022\/09\/WhatsApp-Image-2022-09-02-at-11.19.17-540x320.jpeg",540,320,true],"thumbnail":["https:\/\/www.agentiaimpreuna.ro\/capacitarea-romilor\/wp-content\/uploads\/2022\/09\/WhatsApp-Image-2022-09-02-at-11.19.17-150x150.jpeg",150,150,true],"medium":["https:\/\/www.agentiaimpreuna.ro\/capacitarea-romilor\/wp-content\/uploads\/2022\/09\/WhatsApp-Image-2022-09-02-at-11.19.17-300x225.jpeg",300,225,true],"medium_large":["https:\/\/www.agentiaimpreuna.ro\/capacitarea-romilor\/wp-content\/uploads\/2022\/09\/WhatsApp-Image-2022-09-02-at-11.19.17-768x576.jpeg",768,576,true],"large":["https:\/\/www.agentiaimpreuna.ro\/capacitarea-romilor\/wp-content\/uploads\/2022\/09\/WhatsApp-Image-2022-09-02-at-11.19.17-1024x768.jpeg",1024,768,true],"1536x1536":["https:\/\/www.agentiaimpreuna.ro\/capacitarea-romilor\/wp-content\/uploads\/2022\/09\/WhatsApp-Image-2022-09-02-at-11.19.17-1536x1152.jpeg",1536,1152,true],"2048x2048":["https:\/\/www.agentiaimpreuna.ro\/capacitarea-romilor\/wp-content\/uploads\/2022\/09\/WhatsApp-Image-2022-09-02-at-11.19.17.jpeg",2048,1536,false],"trp-custom-language-flag":["https:\/\/www.agentiaimpreuna.ro\/capacitarea-romilor\/wp-content\/uploads\/2022\/09\/WhatsApp-Image-2022-09-02-at-11.19.17-16x12.jpeg",16,12,true],"qubely_landscape":["https:\/\/www.agentiaimpreuna.ro\/capacitarea-romilor\/wp-content\/uploads\/2022\/09\/WhatsApp-Image-2022-09-02-at-11.19.17-1200x750.jpeg",1200,750,true],"qubely_portrait":["https:\/\/www.agentiaimpreuna.ro\/capacitarea-romilor\/wp-content\/uploads\/2022\/09\/WhatsApp-Image-2022-09-02-at-11.19.17-540x320.jpeg",540,320,true],"qubely_thumbnail":["https:\/\/www.agentiaimpreuna.ro\/capacitarea-romilor\/wp-content\/uploads\/2022\/09\/WhatsApp-Image-2022-09-02-at-11.19.17-140x100.jpeg",140,100,true]},"qubely_author":{"display_name":"agenadmin","author_link":"https:\/\/www.agentiaimpreuna.ro\/capacitarea-romilor\/en\/author\/agenadmin\/"},"qubely_comment":3,"qubely_category":"<a href=\"https:\/\/www.agentiaimpreuna.ro\/capacitarea-romilor\/en\/category\/uncategorized\/\" rel=\"category tag\">Uncategorized<\/a>","qubely_excerpt":"\u00cen 12 august 2022, \u00een comuna Unirea (judetul Br\u0103ila) a avut loc a doua ac\u021biune de advocacy, organizat\u0103 de c\u0103tre membrii organiza\u021biilor non-guvernamentale nou \u00eenfiin\u021bate, \u00een cadrul proiectului \u201eCapacitarea \u0219i Abilitarea Romilor prin Lobby \u0219i Ac\u021biune\u201d. \u00cen cadrul acestei ac\u021biuni au expus \u00een fa\u021ba autorit\u0103\u021bilor locale o serie de probleme identificate \u00een cadrul procesului de&hellip;","featured_image_urls":{"full":["https:\/\/www.agentiaimpreuna.ro\/capacitarea-romilor\/wp-content\/uploads\/2022\/09\/WhatsApp-Image-2022-09-02-at-11.19.17.jpeg",2048,1536,false],"thumbnail":["https:\/\/www.agentiaimpreuna.ro\/capacitarea-romilor\/wp-content\/uploads\/2022\/09\/WhatsApp-Image-2022-09-02-at-11.19.17-150x150.jpeg",150,150,true],"medium":["https:\/\/www.agentiaimpreuna.ro\/capacitarea-romilor\/wp-content\/uploads\/2022\/09\/WhatsApp-Image-2022-09-02-at-11.19.17-300x225.jpeg",300,225,true],"medium_large":["https:\/\/www.agentiaimpreuna.ro\/capacitarea-romilor\/wp-content\/uploads\/2022\/09\/WhatsApp-Image-2022-09-02-at-11.19.17-768x576.jpeg",768,576,true],"large":["https:\/\/www.agentiaimpreuna.ro\/capacitarea-romilor\/wp-content\/uploads\/2022\/09\/WhatsApp-Image-2022-09-02-at-11.19.17-1024x768.jpeg",1024,768,true],"1536x1536":["https:\/\/www.agentiaimpreuna.ro\/capacitarea-romilor\/wp-content\/uploads\/2022\/09\/WhatsApp-Image-2022-09-02-at-11.19.17-1536x1152.jpeg",1536,1152,true],"2048x2048":["https:\/\/www.agentiaimpreuna.ro\/capacitarea-romilor\/wp-content\/uploads\/2022\/09\/WhatsApp-Image-2022-09-02-at-11.19.17.jpeg",2048,1536,false],"trp-custom-language-flag":["https:\/\/www.agentiaimpreuna.ro\/capacitarea-romilor\/wp-content\/uploads\/2022\/09\/WhatsApp-Image-2022-09-02-at-11.19.17-16x12.jpeg",16,12,true],"qubely_landscape":["https:\/\/www.agentiaimpreuna.ro\/capacitarea-romilor\/wp-content\/uploads\/2022\/09\/WhatsApp-Image-2022-09-02-at-11.19.17-1200x750.jpeg",1200,750,true],"qubely_portrait":["https:\/\/www.agentiaimpreuna.ro\/capacitarea-romilor\/wp-content\/uploads\/2022\/09\/WhatsApp-Image-2022-09-02-at-11.19.17-540x320.jpeg",540,320,true],"qubely_thumbnail":["https:\/\/www.agentiaimpreuna.ro\/capacitarea-romilor\/wp-content\/uploads\/2022\/09\/WhatsApp-Image-2022-09-02-at-11.19.17-140x100.jpeg",140,100,true]},"post_excerpt_stackable":"<p>\u00cen 12 august 2022, \u00een comuna Unirea (judetul Br\u0103ila) a avut loc a doua ac\u021biune de advocacy, organizat\u0103 de c\u0103tre membrii organiza\u021biilor non-guvernamentale nou \u00eenfiin\u021bate, \u00een cadrul proiectului \u201eCapacitarea \u0219i Abilitarea Romilor prin Lobby \u0219i Ac\u021biune\u201d. \u00cen cadrul acestei ac\u021biuni au expus \u00een fa\u021ba autorit\u0103\u021bilor locale o serie de probleme identificate \u00een cadrul procesului de dezvoltare comunitar\u0103 de c\u0103tre membrii ONG-urilor \u0219i adaptate sub forma unor solu\u021bii pe termen scurt \u0219i mediu \u00een cadrul Planurilor de ac\u021biune local\u0103. La ac\u021biune au participat managerul proiectului, facilitatorul jude\u021bean, membrii din cele 4 ONG-uri nou-\u00eenfiin\u021bate \u00een jude\u021bul Br\u0103ila (Unirea, Galbenu, Vi\u0219ani \u0219i Berte\u0219tii&hellip;<\/p>\n","category_list":"<a href=\"https:\/\/www.agentiaimpreuna.ro\/capacitarea-romilor\/en\/category\/uncategorized\/\" rel=\"category tag\">Uncategorized<\/a>","author_info":{"name":"agenadmin","url":"https:\/\/www.agentiaimpreuna.ro\/capacitarea-romilor\/en\/author\/agenadmin\/"},"comments_num":"0 comments","featured_image_urls_v2":{"full":["https:\/\/www.agentiaimpreuna.ro\/capacitarea-romilor\/wp-content\/uploads\/2022\/09\/WhatsApp-Image-2022-09-02-at-11.19.17.jpeg",2048,1536,false],"thumbnail":["https:\/\/www.agentiaimpreuna.ro\/capacitarea-romilor\/wp-content\/uploads\/2022\/09\/WhatsApp-Image-2022-09-02-at-11.19.17-150x150.jpeg",150,150,true],"medium":["https:\/\/www.agentiaimpreuna.ro\/capacitarea-romilor\/wp-content\/uploads\/2022\/09\/WhatsApp-Image-2022-09-02-at-11.19.17-300x225.jpeg",300,225,true],"medium_large":["https:\/\/www.agentiaimpreuna.ro\/capacitarea-romilor\/wp-content\/uploads\/2022\/09\/WhatsApp-Image-2022-09-02-at-11.19.17-768x576.jpeg",768,576,true],"large":["https:\/\/www.agentiaimpreuna.ro\/capacitarea-romilor\/wp-content\/uploads\/2022\/09\/WhatsApp-Image-2022-09-02-at-11.19.17-1024x768.jpeg",1024,768,true],"1536x1536":["https:\/\/www.agentiaimpreuna.ro\/capacitarea-romilor\/wp-content\/uploads\/2022\/09\/WhatsApp-Image-2022-09-02-at-11.19.17-1536x1152.jpeg",1536,1152,true],"2048x2048":["https:\/\/www.agentiaimpreuna.ro\/capacitarea-romilor\/wp-content\/uploads\/2022\/09\/WhatsApp-Image-2022-09-02-at-11.19.17.jpeg",2048,1536,false],"trp-custom-language-flag":["https:\/\/www.agentiaimpreuna.ro\/capacitarea-romilor\/wp-content\/uploads\/2022\/09\/WhatsApp-Image-2022-09-02-at-11.19.17-16x12.jpeg",16,12,true],"qubely_landscape":["https:\/\/www.agentiaimpreuna.ro\/capacitarea-romilor\/wp-content\/uploads\/2022\/09\/WhatsApp-Image-2022-09-02-at-11.19.17-1200x750.jpeg",1200,750,true],"qubely_portrait":["https:\/\/www.agentiaimpreuna.ro\/capacitarea-romilor\/wp-content\/uploads\/2022\/09\/WhatsApp-Image-2022-09-02-at-11.19.17-540x320.jpeg",540,320,true],"qubely_thumbnail":["https:\/\/www.agentiaimpreuna.ro\/capacitarea-romilor\/wp-content\/uploads\/2022\/09\/WhatsApp-Image-2022-09-02-at-11.19.17-140x100.jpeg",140,100,true]},"post_excerpt_stackable_v2":"<p>\u00cen 12 august 2022, \u00een comuna Unirea (judetul Br\u0103ila) a avut loc a doua ac\u021biune de advocacy, organizat\u0103 de c\u0103tre membrii organiza\u021biilor non-guvernamentale nou \u00eenfiin\u021bate, \u00een cadrul proiectului \u201eCapacitarea \u0219i Abilitarea Romilor prin Lobby \u0219i Ac\u021biune\u201d. \u00cen cadrul acestei ac\u021biuni au expus \u00een fa\u021ba autorit\u0103\u021bilor locale o serie de probleme identificate \u00een cadrul procesului de dezvoltare comunitar\u0103 de c\u0103tre membrii ONG-urilor \u0219i adaptate sub forma unor solu\u021bii pe termen scurt \u0219i mediu \u00een cadrul Planurilor de ac\u021biune local\u0103. La ac\u021biune au participat managerul proiectului, facilitatorul jude\u021bean, membrii din cele 4 ONG-uri nou-\u00eenfiin\u021bate \u00een jude\u021bul Br\u0103ila (Unirea, Galbenu, Vi\u0219ani \u0219i Berte\u0219tii&hellip;<\/p>\n","category_list_v2":"<a href=\"https:\/\/www.agentiaimpreuna.ro\/capacitarea-romilor\/en\/category\/uncategorized\/\" rel=\"category tag\">Uncategorized<\/a>","author_info_v2":{"name":"agenadmin","url":"https:\/\/www.agentiaimpreuna.ro\/capacitarea-romilor\/en\/author\/agenadmin\/"},"comments_num_v2":"0 comments","_links":{"self":[{"href":"https:\/\/www.agentiaimpreuna.ro\/capacitarea-romilor\/en\/wp-json\/wp\/v2\/posts\/1094","targetHints":{"allow":["GET"]}}],"collection":[{"href":"https:\/\/www.agentiaimpreuna.ro\/capacitarea-romilor\/en\/wp-json\/wp\/v2\/posts"}],"about":[{"href":"https:\/\/www.agentiaimpreuna.ro\/capacitarea-romilor\/en\/wp-json\/wp\/v2\/types\/post"}],"author":[{"embeddable":true,"href":"https:\/\/www.agentiaimpreuna.ro\/capacitarea-romilor\/en\/wp-json\/wp\/v2\/users\/1"}],"replies":[{"embeddable":true,"href":"https:\/\/www.agentiaimpreuna.ro\/capacitarea-romilor\/en\/wp-json\/wp\/v2\/comments?post=1094"}],"version-history":[{"count":0,"href":"https:\/\/www.agentiaimpreuna.ro\/capacitarea-romilor\/en\/wp-json\/wp\/v2\/posts\/1094\/revisions"}],"wp:featuredmedia":[{"embeddable":true,"href":"https:\/\/www.agentiaimpreuna.ro\/capacitarea-romilor\/en\/wp-json\/wp\/v2\/media\/1096"}],"wp:attachment":[{"href":"https:\/\/www.agentiaimpreuna.ro\/capacitarea-romilor\/en\/wp-json\/wp\/v2\/media?parent=1094"}],"wp:term":[{"taxonomy":"category","embeddable":true,"href":"https:\/\/www.agentiaimpreuna.ro\/capacitarea-romilor\/en\/wp-json\/wp\/v2\/categories?post=1094"},{"taxonomy":"post_tag","embeddable":true,"href":"https:\/\/www.agentiaimpreuna.ro\/capacitarea-romilor\/en\/wp-json\/wp\/v2\/tags?post=1094"}],"curies":[{"name":"wp","href":"https:\/\/api.w.org\/{rel}","templated":true}]}}