{"id":1087,"date":"2022-08-29T11:54:32","date_gmt":"2022-08-29T11:54:32","guid":{"rendered":"https:\/\/www.agentiaimpreuna.ro\/capacitarea-romilor\/?p=1087"},"modified":"2022-08-29T11:55:24","modified_gmt":"2022-08-29T11:55:24","slug":"schimb-de-experienta-bucuresti-sediul-organizatiei-e-romnija","status":"publish","type":"post","link":"https:\/\/www.agentiaimpreuna.ro\/capacitarea-romilor\/en\/2022\/08\/29\/schimb-de-experienta-bucuresti-sediul-organizatiei-e-romnija\/","title":{"rendered":"Exchange of experience (Bucharest, office of the E-Romnija Organization)"},"content":{"rendered":"<p>On July 28th, an exchange of experience took place in Bucharest, at the headquarters of the E-Romnija Organization, between the members of the newly established organizations from Calarasi County (Curcani, M\u0103n\u0103stirea, Chirnogi, Ulmeni), but also the members of the Center for Education and Human Rights Association.<\/p>\n\n\n\n<p>In addition to presenting the activities undertaken by E-Romnija, focusing on a case study on the Valea Seac\u0103 (Bac\u0103u) community, the agenda of the event also included exercises to identify project ideas, debates on identifying funding sources (in short, the participants also told about the main challenge of the newly created NGOs, that of securing their financial resources for the fulfillment of their mission),  but also community development activities carried out at local level: namely, identifying and prioritizing problems at local level, drawing up local action plans, relating to local public authorities and how to improve it.<\/p>\n\n\n\n<figure class=\"wp-block-gallery has-nested-images columns-default is-cropped wp-block-gallery-1 is-layout-flex wp-block-gallery-is-layout-flex\">\n<figure class=\"wp-block-image size-large\"><img loading=\"lazy\" decoding=\"async\" width=\"1024\" height=\"768\" data-id=\"1088\" src=\"https:\/\/www.agentiaimpreuna.ro\/capacitarea-romilor\/wp-content\/uploads\/2022\/08\/IMG_9789-1024x768.jpg\" alt=\"\" class=\"wp-image-1088\" srcset=\"https:\/\/www.agentiaimpreuna.ro\/capacitarea-romilor\/wp-content\/uploads\/2022\/08\/IMG_9789-1024x768.jpg 1024w, https:\/\/www.agentiaimpreuna.ro\/capacitarea-romilor\/wp-content\/uploads\/2022\/08\/IMG_9789-300x225.jpg 300w, https:\/\/www.agentiaimpreuna.ro\/capacitarea-romilor\/wp-content\/uploads\/2022\/08\/IMG_9789-768x576.jpg 768w, https:\/\/www.agentiaimpreuna.ro\/capacitarea-romilor\/wp-content\/uploads\/2022\/08\/IMG_9789-1536x1152.jpg 1536w, https:\/\/www.agentiaimpreuna.ro\/capacitarea-romilor\/wp-content\/uploads\/2022\/08\/IMG_9789-2048x1536.jpg 2048w, https:\/\/www.agentiaimpreuna.ro\/capacitarea-romilor\/wp-content\/uploads\/2022\/08\/IMG_9789-16x12.jpg 16w\" sizes=\"auto, (max-width: 1024px) 100vw, 1024px\" \/><\/figure>\n\n\n\n<figure class=\"wp-block-image size-large\"><img loading=\"lazy\" decoding=\"async\" width=\"1024\" height=\"768\" data-id=\"1089\" src=\"https:\/\/www.agentiaimpreuna.ro\/capacitarea-romilor\/wp-content\/uploads\/2022\/08\/IMG_9781-1024x768.jpg\" alt=\"\" class=\"wp-image-1089\" srcset=\"https:\/\/www.agentiaimpreuna.ro\/capacitarea-romilor\/wp-content\/uploads\/2022\/08\/IMG_9781-1024x768.jpg 1024w, https:\/\/www.agentiaimpreuna.ro\/capacitarea-romilor\/wp-content\/uploads\/2022\/08\/IMG_9781-300x225.jpg 300w, https:\/\/www.agentiaimpreuna.ro\/capacitarea-romilor\/wp-content\/uploads\/2022\/08\/IMG_9781-768x576.jpg 768w, https:\/\/www.agentiaimpreuna.ro\/capacitarea-romilor\/wp-content\/uploads\/2022\/08\/IMG_9781-1536x1152.jpg 1536w, https:\/\/www.agentiaimpreuna.ro\/capacitarea-romilor\/wp-content\/uploads\/2022\/08\/IMG_9781-2048x1536.jpg 2048w, https:\/\/www.agentiaimpreuna.ro\/capacitarea-romilor\/wp-content\/uploads\/2022\/08\/IMG_9781-16x12.jpg 16w\" sizes=\"auto, (max-width: 1024px) 100vw, 1024px\" \/><\/figure>\n\n\n\n<figure class=\"wp-block-image size-large\"><img loading=\"lazy\" decoding=\"async\" width=\"1024\" height=\"768\" data-id=\"1090\" src=\"https:\/\/www.agentiaimpreuna.ro\/capacitarea-romilor\/wp-content\/uploads\/2022\/08\/IMG_9779-1024x768.jpg\" alt=\"\" class=\"wp-image-1090\" srcset=\"https:\/\/www.agentiaimpreuna.ro\/capacitarea-romilor\/wp-content\/uploads\/2022\/08\/IMG_9779-1024x768.jpg 1024w, https:\/\/www.agentiaimpreuna.ro\/capacitarea-romilor\/wp-content\/uploads\/2022\/08\/IMG_9779-300x225.jpg 300w, https:\/\/www.agentiaimpreuna.ro\/capacitarea-romilor\/wp-content\/uploads\/2022\/08\/IMG_9779-768x576.jpg 768w, https:\/\/www.agentiaimpreuna.ro\/capacitarea-romilor\/wp-content\/uploads\/2022\/08\/IMG_9779-1536x1152.jpg 1536w, https:\/\/www.agentiaimpreuna.ro\/capacitarea-romilor\/wp-content\/uploads\/2022\/08\/IMG_9779-2048x1536.jpg 2048w, https:\/\/www.agentiaimpreuna.ro\/capacitarea-romilor\/wp-content\/uploads\/2022\/08\/IMG_9779-16x12.jpg 16w\" sizes=\"auto, (max-width: 1024px) 100vw, 1024px\" \/><\/figure>\n\n\n\n<figure class=\"wp-block-image size-large\"><img loading=\"lazy\" decoding=\"async\" width=\"1024\" height=\"768\" data-id=\"1091\" src=\"https:\/\/www.agentiaimpreuna.ro\/capacitarea-romilor\/wp-content\/uploads\/2022\/08\/IMG_9778-1024x768.jpg\" alt=\"\" class=\"wp-image-1091\" srcset=\"https:\/\/www.agentiaimpreuna.ro\/capacitarea-romilor\/wp-content\/uploads\/2022\/08\/IMG_9778-1024x768.jpg 1024w, https:\/\/www.agentiaimpreuna.ro\/capacitarea-romilor\/wp-content\/uploads\/2022\/08\/IMG_9778-300x225.jpg 300w, https:\/\/www.agentiaimpreuna.ro\/capacitarea-romilor\/wp-content\/uploads\/2022\/08\/IMG_9778-768x576.jpg 768w, https:\/\/www.agentiaimpreuna.ro\/capacitarea-romilor\/wp-content\/uploads\/2022\/08\/IMG_9778-1536x1152.jpg 1536w, https:\/\/www.agentiaimpreuna.ro\/capacitarea-romilor\/wp-content\/uploads\/2022\/08\/IMG_9778-2048x1536.jpg 2048w, https:\/\/www.agentiaimpreuna.ro\/capacitarea-romilor\/wp-content\/uploads\/2022\/08\/IMG_9778-16x12.jpg 16w\" sizes=\"auto, (max-width: 1024px) 100vw, 1024px\" \/><\/figure>\n\n\n\n<figure class=\"wp-block-image size-large\"><img loading=\"lazy\" decoding=\"async\" width=\"1024\" height=\"768\" data-id=\"1092\" src=\"https:\/\/www.agentiaimpreuna.ro\/capacitarea-romilor\/wp-content\/uploads\/2022\/08\/IMG_9776-1024x768.jpg\" alt=\"\" class=\"wp-image-1092\" srcset=\"https:\/\/www.agentiaimpreuna.ro\/capacitarea-romilor\/wp-content\/uploads\/2022\/08\/IMG_9776-1024x768.jpg 1024w, https:\/\/www.agentiaimpreuna.ro\/capacitarea-romilor\/wp-content\/uploads\/2022\/08\/IMG_9776-300x225.jpg 300w, https:\/\/www.agentiaimpreuna.ro\/capacitarea-romilor\/wp-content\/uploads\/2022\/08\/IMG_9776-768x576.jpg 768w, https:\/\/www.agentiaimpreuna.ro\/capacitarea-romilor\/wp-content\/uploads\/2022\/08\/IMG_9776-1536x1152.jpg 1536w, https:\/\/www.agentiaimpreuna.ro\/capacitarea-romilor\/wp-content\/uploads\/2022\/08\/IMG_9776-2048x1536.jpg 2048w, https:\/\/www.agentiaimpreuna.ro\/capacitarea-romilor\/wp-content\/uploads\/2022\/08\/IMG_9776-16x12.jpg 16w\" sizes=\"auto, (max-width: 1024px) 100vw, 1024px\" \/><\/figure>\n<\/figure>\n\n\n\n<p><a href=\"https:\/\/www.facebook.com\/hashtag\/capacitarea%C8%99iabilitarearomilor?__eep__=6&amp;__cft__[0]=AZXF0pxR6ANVeMH4QIXzmQ5WBno0iXU0TOBKDFWf01elPmgjdqr7UsR6hf3_xKXDRCLdGT5GsqJapsosehiHBMXN8YizTAt5ZT0Zh20ENOgx4MsT7RAih2lVDi1sRZsMsSCm2ipZ1rzenMhdeuXmCyvTTZqro6-t1Eakh2JmkfnDjQ&amp;__tn__=*NK-R\" target=\"_blank\" rel=\"noopener\">#Capacitarea\u0218iAbilitareaRomilor<\/a><\/p>\n\n\n\n<p><a href=\"https:\/\/www.facebook.com\/hashtag\/haide?__eep__=6&amp;__cft__[0]=AZXF0pxR6ANVeMH4QIXzmQ5WBno0iXU0TOBKDFWf01elPmgjdqr7UsR6hf3_xKXDRCLdGT5GsqJapsosehiHBMXN8YizTAt5ZT0Zh20ENOgx4MsT7RAih2lVDi1sRZsMsSCm2ipZ1rzenMhdeuXmCyvTTZqro6-t1Eakh2JmkfnDjQ&amp;__tn__=*NK-R\" target=\"_blank\" rel=\"noopener\">#comeon#ActiveCitizensFund#Romania#activecitizens#EEANorwayGrants<\/a><a href=\"https:\/\/www.facebook.com\/hashtag\/activecitizensfund?__eep__=6&amp;__cft__[0]=AZXF0pxR6ANVeMH4QIXzmQ5WBno0iXU0TOBKDFWf01elPmgjdqr7UsR6hf3_xKXDRCLdGT5GsqJapsosehiHBMXN8YizTAt5ZT0Zh20ENOgx4MsT7RAih2lVDi1sRZsMsSCm2ipZ1rzenMhdeuXmCyvTTZqro6-t1Eakh2JmkfnDjQ&amp;__tn__=*NK-R\" target=\"_blank\" rel=\"noopener\">#ActiveCitizensFund<\/a><a href=\"https:\/\/www.facebook.com\/hashtag\/romania?__eep__=6&amp;__cft__[0]=AZXF0pxR6ANVeMH4QIXzmQ5WBno0iXU0TOBKDFWf01elPmgjdqr7UsR6hf3_xKXDRCLdGT5GsqJapsosehiHBMXN8YizTAt5ZT0Zh20ENOgx4MsT7RAih2lVDi1sRZsMsSCm2ipZ1rzenMhdeuXmCyvTTZqro6-t1Eakh2JmkfnDjQ&amp;__tn__=*NK-R\" target=\"_blank\" rel=\"noopener\">#Romania<\/a><a href=\"https:\/\/www.facebook.com\/hashtag\/activecitizens?__eep__=6&amp;__cft__[0]=AZXF0pxR6ANVeMH4QIXzmQ5WBno0iXU0TOBKDFWf01elPmgjdqr7UsR6hf3_xKXDRCLdGT5GsqJapsosehiHBMXN8YizTAt5ZT0Zh20ENOgx4MsT7RAih2lVDi1sRZsMsSCm2ipZ1rzenMhdeuXmCyvTTZqro6-t1Eakh2JmkfnDjQ&amp;__tn__=*NK-R\" target=\"_blank\" rel=\"noopener\">#activecitizens<\/a><a href=\"https:\/\/www.facebook.com\/hashtag\/eeanorwaygrants?__eep__=6&amp;__cft__[0]=AZXF0pxR6ANVeMH4QIXzmQ5WBno0iXU0TOBKDFWf01elPmgjdqr7UsR6hf3_xKXDRCLdGT5GsqJapsosehiHBMXN8YizTAt5ZT0Zh20ENOgx4MsT7RAih2lVDi1sRZsMsSCm2ipZ1rzenMhdeuXmCyvTTZqro6-t1Eakh2JmkfnDjQ&amp;__tn__=*NK-R\" target=\"_blank\" rel=\"noopener\">#EEANorwayGrants<\/a><\/p>\n\n\n\n<p>Active Citizens Fund &#8211; Romania<\/p>","protected":false},"excerpt":{"rendered":"<p>\u00cen 28 iulie a avut loc la Bucure\u0219ti, la sediul Organiza\u021biei E-Romnija, un schimb de experien\u021b\u0103 \u00eentre membrii organiza\u021biilor nou-\u00eenfiin\u021bate din jude\u021bul C\u0103l\u0103ra\u0219i (Curcani, M\u0103n\u0103stirea, Chirnogi, Ulmeni), dar \u0219i membrii ai Asocia\u021biei Centrul pentru Educa\u021bie \u0219i Drepturile Omului. Pe l\u00e2ng\u0103 prezentarea activit\u0103\u021bilor \u00eentreprinse de E-Romnija, cu focus pe un studiu de caz cu privire la comunitatea Valea Seac\u0103 (Bac\u0103u), agenda evenimentului a cuprins \u0219i exerci\u021bii de identificare idei proiecte, dezbateri cu privire la identificarea surselor de finan\u021bare (pe scurt, participan\u021bii au povestit \u0219i despre principala provocare a ONG-urilor nou-create, aceea de a-\u0219i asigura resursele financiare pentru \u00eendeplinirea misiunii lor), dar\u2026<\/p>","protected":false},"author":1,"featured_media":1091,"comment_status":"open","ping_status":"open","sticky":false,"template":"","format":"standard","meta":{"qubely_global_settings":"","qubely_interactions":"","footnotes":""},"categories":[1],"tags":[],"class_list":["post-1087","post","type-post","status-publish","format-standard","has-post-thumbnail","hentry","category-uncategorized"],"blocksy_meta":{"styles_descriptor":{"styles":{"desktop":"","tablet":"","mobile":""},"google_fonts":[]}},"qubely_featured_image_url":{"full":["https:\/\/www.agentiaimpreuna.ro\/capacitarea-romilor\/wp-content\/uploads\/2022\/08\/IMG_9778-scaled.jpg",2560,1920,false],"landscape":["https:\/\/www.agentiaimpreuna.ro\/capacitarea-romilor\/wp-content\/uploads\/2022\/08\/IMG_9778-1200x750.jpg",1200,750,true],"portraits":["https:\/\/www.agentiaimpreuna.ro\/capacitarea-romilor\/wp-content\/uploads\/2022\/08\/IMG_9778-540x320.jpg",540,320,true],"thumbnail":["https:\/\/www.agentiaimpreuna.ro\/capacitarea-romilor\/wp-content\/uploads\/2022\/08\/IMG_9778-150x150.jpg",150,150,true],"medium":["https:\/\/www.agentiaimpreuna.ro\/capacitarea-romilor\/wp-content\/uploads\/2022\/08\/IMG_9778-300x225.jpg",300,225,true],"medium_large":["https:\/\/www.agentiaimpreuna.ro\/capacitarea-romilor\/wp-content\/uploads\/2022\/08\/IMG_9778-768x576.jpg",768,576,true],"large":["https:\/\/www.agentiaimpreuna.ro\/capacitarea-romilor\/wp-content\/uploads\/2022\/08\/IMG_9778-1024x768.jpg",1024,768,true],"1536x1536":["https:\/\/www.agentiaimpreuna.ro\/capacitarea-romilor\/wp-content\/uploads\/2022\/08\/IMG_9778-1536x1152.jpg",1536,1152,true],"2048x2048":["https:\/\/www.agentiaimpreuna.ro\/capacitarea-romilor\/wp-content\/uploads\/2022\/08\/IMG_9778-2048x1536.jpg",2048,1536,true],"trp-custom-language-flag":["https:\/\/www.agentiaimpreuna.ro\/capacitarea-romilor\/wp-content\/uploads\/2022\/08\/IMG_9778-16x12.jpg",16,12,true],"qubely_landscape":["https:\/\/www.agentiaimpreuna.ro\/capacitarea-romilor\/wp-content\/uploads\/2022\/08\/IMG_9778-1200x750.jpg",1200,750,true],"qubely_portrait":["https:\/\/www.agentiaimpreuna.ro\/capacitarea-romilor\/wp-content\/uploads\/2022\/08\/IMG_9778-540x320.jpg",540,320,true],"qubely_thumbnail":["https:\/\/www.agentiaimpreuna.ro\/capacitarea-romilor\/wp-content\/uploads\/2022\/08\/IMG_9778-140x100.jpg",140,100,true]},"qubely_author":{"display_name":"agenadmin","author_link":"https:\/\/www.agentiaimpreuna.ro\/capacitarea-romilor\/en\/author\/agenadmin\/"},"qubely_comment":2,"qubely_category":"<a href=\"https:\/\/www.agentiaimpreuna.ro\/capacitarea-romilor\/en\/category\/uncategorized\/\" rel=\"category tag\">Uncategorized<\/a>","qubely_excerpt":"\u00cen 28 iulie a avut loc la Bucure\u0219ti, la sediul Organiza\u021biei E-Romnija, un schimb de experien\u021b\u0103 \u00eentre membrii organiza\u021biilor nou-\u00eenfiin\u021bate din jude\u021bul C\u0103l\u0103ra\u0219i (Curcani, M\u0103n\u0103stirea, Chirnogi, Ulmeni), dar \u0219i membrii ai Asocia\u021biei Centrul pentru Educa\u021bie \u0219i Drepturile Omului. Pe l\u00e2ng\u0103 prezentarea activit\u0103\u021bilor \u00eentreprinse de E-Romnija, cu focus pe un studiu de caz cu privire la&hellip;","featured_image_urls":{"full":["https:\/\/www.agentiaimpreuna.ro\/capacitarea-romilor\/wp-content\/uploads\/2022\/08\/IMG_9778-scaled.jpg",2560,1920,false],"thumbnail":["https:\/\/www.agentiaimpreuna.ro\/capacitarea-romilor\/wp-content\/uploads\/2022\/08\/IMG_9778-150x150.jpg",150,150,true],"medium":["https:\/\/www.agentiaimpreuna.ro\/capacitarea-romilor\/wp-content\/uploads\/2022\/08\/IMG_9778-300x225.jpg",300,225,true],"medium_large":["https:\/\/www.agentiaimpreuna.ro\/capacitarea-romilor\/wp-content\/uploads\/2022\/08\/IMG_9778-768x576.jpg",768,576,true],"large":["https:\/\/www.agentiaimpreuna.ro\/capacitarea-romilor\/wp-content\/uploads\/2022\/08\/IMG_9778-1024x768.jpg",1024,768,true],"1536x1536":["https:\/\/www.agentiaimpreuna.ro\/capacitarea-romilor\/wp-content\/uploads\/2022\/08\/IMG_9778-1536x1152.jpg",1536,1152,true],"2048x2048":["https:\/\/www.agentiaimpreuna.ro\/capacitarea-romilor\/wp-content\/uploads\/2022\/08\/IMG_9778-2048x1536.jpg",2048,1536,true],"trp-custom-language-flag":["https:\/\/www.agentiaimpreuna.ro\/capacitarea-romilor\/wp-content\/uploads\/2022\/08\/IMG_9778-16x12.jpg",16,12,true],"qubely_landscape":["https:\/\/www.agentiaimpreuna.ro\/capacitarea-romilor\/wp-content\/uploads\/2022\/08\/IMG_9778-1200x750.jpg",1200,750,true],"qubely_portrait":["https:\/\/www.agentiaimpreuna.ro\/capacitarea-romilor\/wp-content\/uploads\/2022\/08\/IMG_9778-540x320.jpg",540,320,true],"qubely_thumbnail":["https:\/\/www.agentiaimpreuna.ro\/capacitarea-romilor\/wp-content\/uploads\/2022\/08\/IMG_9778-140x100.jpg",140,100,true]},"post_excerpt_stackable":"<p>\u00cen 28 iulie a avut loc la Bucure\u0219ti, la sediul Organiza\u021biei E-Romnija, un schimb de experien\u021b\u0103 \u00eentre membrii organiza\u021biilor nou-\u00eenfiin\u021bate din jude\u021bul C\u0103l\u0103ra\u0219i (Curcani, M\u0103n\u0103stirea, Chirnogi, Ulmeni), dar \u0219i membrii ai Asocia\u021biei Centrul pentru Educa\u021bie \u0219i Drepturile Omului. Pe l\u00e2ng\u0103 prezentarea activit\u0103\u021bilor \u00eentreprinse de E-Romnija, cu focus pe un studiu de caz cu privire la comunitatea Valea Seac\u0103 (Bac\u0103u), agenda evenimentului a cuprins \u0219i exerci\u021bii de identificare idei proiecte, dezbateri cu privire la identificarea surselor de finan\u021bare (pe scurt, participan\u021bii au povestit \u0219i despre principala provocare a ONG-urilor nou-create, aceea de a-\u0219i asigura resursele financiare pentru \u00eendeplinirea misiunii lor), dar&hellip;<\/p>\n","category_list":"<a href=\"https:\/\/www.agentiaimpreuna.ro\/capacitarea-romilor\/en\/category\/uncategorized\/\" rel=\"category tag\">Uncategorized<\/a>","author_info":{"name":"agenadmin","url":"https:\/\/www.agentiaimpreuna.ro\/capacitarea-romilor\/en\/author\/agenadmin\/"},"comments_num":"0 comments","featured_image_urls_v2":{"full":["https:\/\/www.agentiaimpreuna.ro\/capacitarea-romilor\/wp-content\/uploads\/2022\/08\/IMG_9778-scaled.jpg",2560,1920,false],"thumbnail":["https:\/\/www.agentiaimpreuna.ro\/capacitarea-romilor\/wp-content\/uploads\/2022\/08\/IMG_9778-150x150.jpg",150,150,true],"medium":["https:\/\/www.agentiaimpreuna.ro\/capacitarea-romilor\/wp-content\/uploads\/2022\/08\/IMG_9778-300x225.jpg",300,225,true],"medium_large":["https:\/\/www.agentiaimpreuna.ro\/capacitarea-romilor\/wp-content\/uploads\/2022\/08\/IMG_9778-768x576.jpg",768,576,true],"large":["https:\/\/www.agentiaimpreuna.ro\/capacitarea-romilor\/wp-content\/uploads\/2022\/08\/IMG_9778-1024x768.jpg",1024,768,true],"1536x1536":["https:\/\/www.agentiaimpreuna.ro\/capacitarea-romilor\/wp-content\/uploads\/2022\/08\/IMG_9778-1536x1152.jpg",1536,1152,true],"2048x2048":["https:\/\/www.agentiaimpreuna.ro\/capacitarea-romilor\/wp-content\/uploads\/2022\/08\/IMG_9778-2048x1536.jpg",2048,1536,true],"trp-custom-language-flag":["https:\/\/www.agentiaimpreuna.ro\/capacitarea-romilor\/wp-content\/uploads\/2022\/08\/IMG_9778-16x12.jpg",16,12,true],"qubely_landscape":["https:\/\/www.agentiaimpreuna.ro\/capacitarea-romilor\/wp-content\/uploads\/2022\/08\/IMG_9778-1200x750.jpg",1200,750,true],"qubely_portrait":["https:\/\/www.agentiaimpreuna.ro\/capacitarea-romilor\/wp-content\/uploads\/2022\/08\/IMG_9778-540x320.jpg",540,320,true],"qubely_thumbnail":["https:\/\/www.agentiaimpreuna.ro\/capacitarea-romilor\/wp-content\/uploads\/2022\/08\/IMG_9778-140x100.jpg",140,100,true]},"post_excerpt_stackable_v2":"<p>\u00cen 28 iulie a avut loc la Bucure\u0219ti, la sediul Organiza\u021biei E-Romnija, un schimb de experien\u021b\u0103 \u00eentre membrii organiza\u021biilor nou-\u00eenfiin\u021bate din jude\u021bul C\u0103l\u0103ra\u0219i (Curcani, M\u0103n\u0103stirea, Chirnogi, Ulmeni), dar \u0219i membrii ai Asocia\u021biei Centrul pentru Educa\u021bie \u0219i Drepturile Omului. Pe l\u00e2ng\u0103 prezentarea activit\u0103\u021bilor \u00eentreprinse de E-Romnija, cu focus pe un studiu de caz cu privire la comunitatea Valea Seac\u0103 (Bac\u0103u), agenda evenimentului a cuprins \u0219i exerci\u021bii de identificare idei proiecte, dezbateri cu privire la identificarea surselor de finan\u021bare (pe scurt, participan\u021bii au povestit \u0219i despre principala provocare a ONG-urilor nou-create, aceea de a-\u0219i asigura resursele financiare pentru \u00eendeplinirea misiunii lor), dar&hellip;<\/p>\n","category_list_v2":"<a href=\"https:\/\/www.agentiaimpreuna.ro\/capacitarea-romilor\/en\/category\/uncategorized\/\" rel=\"category tag\">Uncategorized<\/a>","author_info_v2":{"name":"agenadmin","url":"https:\/\/www.agentiaimpreuna.ro\/capacitarea-romilor\/en\/author\/agenadmin\/"},"comments_num_v2":"0 comments","_links":{"self":[{"href":"https:\/\/www.agentiaimpreuna.ro\/capacitarea-romilor\/en\/wp-json\/wp\/v2\/posts\/1087","targetHints":{"allow":["GET"]}}],"collection":[{"href":"https:\/\/www.agentiaimpreuna.ro\/capacitarea-romilor\/en\/wp-json\/wp\/v2\/posts"}],"about":[{"href":"https:\/\/www.agentiaimpreuna.ro\/capacitarea-romilor\/en\/wp-json\/wp\/v2\/types\/post"}],"author":[{"embeddable":true,"href":"https:\/\/www.agentiaimpreuna.ro\/capacitarea-romilor\/en\/wp-json\/wp\/v2\/users\/1"}],"replies":[{"embeddable":true,"href":"https:\/\/www.agentiaimpreuna.ro\/capacitarea-romilor\/en\/wp-json\/wp\/v2\/comments?post=1087"}],"version-history":[{"count":0,"href":"https:\/\/www.agentiaimpreuna.ro\/capacitarea-romilor\/en\/wp-json\/wp\/v2\/posts\/1087\/revisions"}],"wp:featuredmedia":[{"embeddable":true,"href":"https:\/\/www.agentiaimpreuna.ro\/capacitarea-romilor\/en\/wp-json\/wp\/v2\/media\/1091"}],"wp:attachment":[{"href":"https:\/\/www.agentiaimpreuna.ro\/capacitarea-romilor\/en\/wp-json\/wp\/v2\/media?parent=1087"}],"wp:term":[{"taxonomy":"category","embeddable":true,"href":"https:\/\/www.agentiaimpreuna.ro\/capacitarea-romilor\/en\/wp-json\/wp\/v2\/categories?post=1087"},{"taxonomy":"post_tag","embeddable":true,"href":"https:\/\/www.agentiaimpreuna.ro\/capacitarea-romilor\/en\/wp-json\/wp\/v2\/tags?post=1087"}],"curies":[{"name":"wp","href":"https:\/\/api.w.org\/{rel}","templated":true}]}}