{"id":1065,"date":"2022-01-21T08:10:00","date_gmt":"2022-01-21T08:10:00","guid":{"rendered":"https:\/\/www.agentiaimpreuna.ro\/capacitarea-romilor\/?p=1065"},"modified":"2022-07-19T08:11:09","modified_gmt":"2022-07-19T08:11:09","slug":"campanie-strangere-fonduri-costanta","status":"publish","type":"post","link":"https:\/\/www.agentiaimpreuna.ro\/capacitarea-romilor\/en\/2022\/01\/21\/campanie-strangere-fonduri-costanta\/","title":{"rendered":"Fundraising campaign (Costan\u0163a)"},"content":{"rendered":"<p>As a result of the community development and fundraising courses, the community members from Constanta mobilized at the local level and thus carried out a fundraising campaign in November 2021. This approach gathered 600 smiles of children around the winter holidays.<\/p>\n\n\n\n<p>We are pleased that the initiatives of the initiative groups are taking shape!<\/p>\n\n\n\n<figure class=\"wp-block-image size-large\"><img loading=\"lazy\" decoding=\"async\" width=\"1024\" height=\"1024\" src=\"https:\/\/www.agentiaimpreuna.ro\/capacitarea-romilor\/wp-content\/uploads\/2022\/07\/campaniee-constanta-1024x1024.jpeg\" alt=\"\" class=\"wp-image-1066\" srcset=\"https:\/\/www.agentiaimpreuna.ro\/capacitarea-romilor\/wp-content\/uploads\/2022\/07\/campaniee-constanta-1024x1024.jpeg 1024w, https:\/\/www.agentiaimpreuna.ro\/capacitarea-romilor\/wp-content\/uploads\/2022\/07\/campaniee-constanta-300x300.jpeg 300w, https:\/\/www.agentiaimpreuna.ro\/capacitarea-romilor\/wp-content\/uploads\/2022\/07\/campaniee-constanta-150x150.jpeg 150w, https:\/\/www.agentiaimpreuna.ro\/capacitarea-romilor\/wp-content\/uploads\/2022\/07\/campaniee-constanta-768x768.jpeg 768w, https:\/\/www.agentiaimpreuna.ro\/capacitarea-romilor\/wp-content\/uploads\/2022\/07\/campaniee-constanta-1536x1536.jpeg 1536w, https:\/\/www.agentiaimpreuna.ro\/capacitarea-romilor\/wp-content\/uploads\/2022\/07\/campaniee-constanta-12x12.jpeg 12w, https:\/\/www.agentiaimpreuna.ro\/capacitarea-romilor\/wp-content\/uploads\/2022\/07\/campaniee-constanta.jpeg 1920w\" sizes=\"auto, (max-width: 1024px) 100vw, 1024px\" \/><\/figure>\n\n\n\n<p>We'll keep <a href=\"https:\/\/www.facebook.com\/hashtag\/%C3%AEmpreun%C4%83?__eep__=6&amp;__cft__[0]=AZVIw1K-0axydnTJLmSCdKbTNfQonz20jn7ABch0NjIovXHbvYmsrFTtS3huioSx4GKlE2wQARev43yDaaBDyRcjJAct_8U3hKKul1kJ8qawRmHrM9_WioFYsHkOckqs7qUwnggicgCgGhNMnrrMgnfF25AMmuKCdssk9OV0GQJnkV_Ipn4rw6u6vCMfkwDu0yeom0ucm2a4n76S9dE6OAxo&amp;__tn__=*NK-R\" target=\"_blank\" rel=\"noopener\">you<\/a> updated with new information about the development of the project <img loading=\"lazy\" decoding=\"async\" height=\"16\" width=\"16\" alt=\"\ud83d\ude4c\ud83c\udffc\" src=\"https:\/\/static.xx.fbcdn.net\/images\/emoji.php\/v9\/t98\/2\/16\/1f64c_1f3fc.png\"><\/p>\n\n\n\n<p><a href=\"https:\/\/www.facebook.com\/hashtag\/capacitarea%C8%99iabilitarearomilor?__eep__=6&amp;__cft__[0]=AZVIw1K-0axydnTJLmSCdKbTNfQonz20jn7ABch0NjIovXHbvYmsrFTtS3huioSx4GKlE2wQARev43yDaaBDyRcjJAct_8U3hKKul1kJ8qawRmHrM9_WioFYsHkOckqs7qUwnggicgCgGhNMnrrMgnfF25AMmuKCdssk9OV0GQJnkV_Ipn4rw6u6vCMfkwDu0yeom0ucm2a4n76S9dE6OAxo&amp;__tn__=*NK-R\" target=\"_blank\" rel=\"noopener\">#Capacitarea\u0218iAbilitareaRomilor<\/a><\/p>\n\n\n\n<p><a href=\"https:\/\/www.facebook.com\/hashtag\/haide?__eep__=6&amp;__cft__[0]=AZVIw1K-0axydnTJLmSCdKbTNfQonz20jn7ABch0NjIovXHbvYmsrFTtS3huioSx4GKlE2wQARev43yDaaBDyRcjJAct_8U3hKKul1kJ8qawRmHrM9_WioFYsHkOckqs7qUwnggicgCgGhNMnrrMgnfF25AMmuKCdssk9OV0GQJnkV_Ipn4rw6u6vCMfkwDu0yeom0ucm2a4n76S9dE6OAxo&amp;__tn__=*NK-R\" target=\"_blank\" rel=\"noopener\">#comeon#ActiveCitizensFund#Romania#activecitizens#EEANorwayGrants<\/a><a href=\"https:\/\/www.facebook.com\/hashtag\/activecitizensfund?__eep__=6&amp;__cft__[0]=AZVIw1K-0axydnTJLmSCdKbTNfQonz20jn7ABch0NjIovXHbvYmsrFTtS3huioSx4GKlE2wQARev43yDaaBDyRcjJAct_8U3hKKul1kJ8qawRmHrM9_WioFYsHkOckqs7qUwnggicgCgGhNMnrrMgnfF25AMmuKCdssk9OV0GQJnkV_Ipn4rw6u6vCMfkwDu0yeom0ucm2a4n76S9dE6OAxo&amp;__tn__=*NK-R\" target=\"_blank\" rel=\"noopener\">#ActiveCitizensFund<\/a><a href=\"https:\/\/www.facebook.com\/hashtag\/romania?__eep__=6&amp;__cft__[0]=AZVIw1K-0axydnTJLmSCdKbTNfQonz20jn7ABch0NjIovXHbvYmsrFTtS3huioSx4GKlE2wQARev43yDaaBDyRcjJAct_8U3hKKul1kJ8qawRmHrM9_WioFYsHkOckqs7qUwnggicgCgGhNMnrrMgnfF25AMmuKCdssk9OV0GQJnkV_Ipn4rw6u6vCMfkwDu0yeom0ucm2a4n76S9dE6OAxo&amp;__tn__=*NK-R\" target=\"_blank\" rel=\"noopener\">#Romania<\/a><a href=\"https:\/\/www.facebook.com\/hashtag\/activecitizens?__eep__=6&amp;__cft__[0]=AZVIw1K-0axydnTJLmSCdKbTNfQonz20jn7ABch0NjIovXHbvYmsrFTtS3huioSx4GKlE2wQARev43yDaaBDyRcjJAct_8U3hKKul1kJ8qawRmHrM9_WioFYsHkOckqs7qUwnggicgCgGhNMnrrMgnfF25AMmuKCdssk9OV0GQJnkV_Ipn4rw6u6vCMfkwDu0yeom0ucm2a4n76S9dE6OAxo&amp;__tn__=*NK-R\" target=\"_blank\" rel=\"noopener\">#activecitizens<\/a><a href=\"https:\/\/www.facebook.com\/hashtag\/eeanorwaygrants?__eep__=6&amp;__cft__[0]=AZVIw1K-0axydnTJLmSCdKbTNfQonz20jn7ABch0NjIovXHbvYmsrFTtS3huioSx4GKlE2wQARev43yDaaBDyRcjJAct_8U3hKKul1kJ8qawRmHrM9_WioFYsHkOckqs7qUwnggicgCgGhNMnrrMgnfF25AMmuKCdssk9OV0GQJnkV_Ipn4rw6u6vCMfkwDu0yeom0ucm2a4n76S9dE6OAxo&amp;__tn__=*NK-R\" target=\"_blank\" rel=\"noopener\">#EEANorwayGrants<\/a><\/p>","protected":false},"excerpt":{"rendered":"<p>Ca urmare a cursului de dezvoltare comunitar\u0103 \u0219i fundraising, membrii comunit\u0103\u021bii din Constan\u021ba s-au mobilizat la nivel local \u0219i astfel au derulat o campanie de str\u00e2ngere de fonduri \u00een luna noiembrie 2021. Acest demers a adunat 600 de z\u00e2mbete de copii \u00een preajma s\u0103rb\u0103torilor de iarn\u0103. Ne bucur\u0103m c\u0103 ini\u021biativele grupurilor de ini\u021biativ\u0103 prind contur! R\u0103m\u00e2nem #\u00eempreun\u0103 pentru noi informa\u021bii despre derularea proiectului #Capacitarea\u0218iAbilitareaRomilor #haide#ActiveCitizensFund#Romania#activecitizens#EEANorwayGrants<\/p>","protected":false},"author":1,"featured_media":1066,"comment_status":"open","ping_status":"open","sticky":false,"template":"","format":"standard","meta":{"qubely_global_settings":"","qubely_interactions":"","footnotes":""},"categories":[2],"tags":[],"class_list":["post-1065","post","type-post","status-publish","format-standard","has-post-thumbnail","hentry","category-news"],"blocksy_meta":{"styles_descriptor":{"styles":{"desktop":"","tablet":"","mobile":""},"google_fonts":[]}},"qubely_featured_image_url":{"full":["https:\/\/www.agentiaimpreuna.ro\/capacitarea-romilor\/wp-content\/uploads\/2022\/07\/campaniee-constanta.jpeg",1920,1920,false],"landscape":["https:\/\/www.agentiaimpreuna.ro\/capacitarea-romilor\/wp-content\/uploads\/2022\/07\/campaniee-constanta-1200x750.jpeg",1200,750,true],"portraits":["https:\/\/www.agentiaimpreuna.ro\/capacitarea-romilor\/wp-content\/uploads\/2022\/07\/campaniee-constanta-540x320.jpeg",540,320,true],"thumbnail":["https:\/\/www.agentiaimpreuna.ro\/capacitarea-romilor\/wp-content\/uploads\/2022\/07\/campaniee-constanta-150x150.jpeg",150,150,true],"medium":["https:\/\/www.agentiaimpreuna.ro\/capacitarea-romilor\/wp-content\/uploads\/2022\/07\/campaniee-constanta-300x300.jpeg",300,300,true],"medium_large":["https:\/\/www.agentiaimpreuna.ro\/capacitarea-romilor\/wp-content\/uploads\/2022\/07\/campaniee-constanta-768x768.jpeg",768,768,true],"large":["https:\/\/www.agentiaimpreuna.ro\/capacitarea-romilor\/wp-content\/uploads\/2022\/07\/campaniee-constanta-1024x1024.jpeg",1024,1024,true],"1536x1536":["https:\/\/www.agentiaimpreuna.ro\/capacitarea-romilor\/wp-content\/uploads\/2022\/07\/campaniee-constanta-1536x1536.jpeg",1536,1536,true],"2048x2048":["https:\/\/www.agentiaimpreuna.ro\/capacitarea-romilor\/wp-content\/uploads\/2022\/07\/campaniee-constanta.jpeg",1920,1920,false],"trp-custom-language-flag":["https:\/\/www.agentiaimpreuna.ro\/capacitarea-romilor\/wp-content\/uploads\/2022\/07\/campaniee-constanta-12x12.jpeg",12,12,true],"qubely_landscape":["https:\/\/www.agentiaimpreuna.ro\/capacitarea-romilor\/wp-content\/uploads\/2022\/07\/campaniee-constanta-1200x750.jpeg",1200,750,true],"qubely_portrait":["https:\/\/www.agentiaimpreuna.ro\/capacitarea-romilor\/wp-content\/uploads\/2022\/07\/campaniee-constanta-540x320.jpeg",540,320,true],"qubely_thumbnail":["https:\/\/www.agentiaimpreuna.ro\/capacitarea-romilor\/wp-content\/uploads\/2022\/07\/campaniee-constanta-140x100.jpeg",140,100,true]},"qubely_author":{"display_name":"agenadmin","author_link":"https:\/\/www.agentiaimpreuna.ro\/capacitarea-romilor\/en\/author\/agenadmin\/"},"qubely_comment":0,"qubely_category":"<a href=\"https:\/\/www.agentiaimpreuna.ro\/capacitarea-romilor\/en\/category\/news\/\" rel=\"category tag\">News<\/a>","qubely_excerpt":"Ca urmare a cursului de dezvoltare comunitar\u0103 \u0219i fundraising, membrii comunit\u0103\u021bii din Constan\u021ba s-au mobilizat la nivel local \u0219i astfel au derulat o campanie de str\u00e2ngere de fonduri \u00een luna noiembrie 2021. Acest demers a adunat 600 de z\u00e2mbete de copii \u00een preajma s\u0103rb\u0103torilor de iarn\u0103. Ne bucur\u0103m c\u0103 ini\u021biativele grupurilor de ini\u021biativ\u0103 prind contur!&hellip;","featured_image_urls":{"full":["https:\/\/www.agentiaimpreuna.ro\/capacitarea-romilor\/wp-content\/uploads\/2022\/07\/campaniee-constanta.jpeg",1920,1920,false],"thumbnail":["https:\/\/www.agentiaimpreuna.ro\/capacitarea-romilor\/wp-content\/uploads\/2022\/07\/campaniee-constanta-150x150.jpeg",150,150,true],"medium":["https:\/\/www.agentiaimpreuna.ro\/capacitarea-romilor\/wp-content\/uploads\/2022\/07\/campaniee-constanta-300x300.jpeg",300,300,true],"medium_large":["https:\/\/www.agentiaimpreuna.ro\/capacitarea-romilor\/wp-content\/uploads\/2022\/07\/campaniee-constanta-768x768.jpeg",768,768,true],"large":["https:\/\/www.agentiaimpreuna.ro\/capacitarea-romilor\/wp-content\/uploads\/2022\/07\/campaniee-constanta-1024x1024.jpeg",1024,1024,true],"1536x1536":["https:\/\/www.agentiaimpreuna.ro\/capacitarea-romilor\/wp-content\/uploads\/2022\/07\/campaniee-constanta-1536x1536.jpeg",1536,1536,true],"2048x2048":["https:\/\/www.agentiaimpreuna.ro\/capacitarea-romilor\/wp-content\/uploads\/2022\/07\/campaniee-constanta.jpeg",1920,1920,false],"trp-custom-language-flag":["https:\/\/www.agentiaimpreuna.ro\/capacitarea-romilor\/wp-content\/uploads\/2022\/07\/campaniee-constanta-12x12.jpeg",12,12,true],"qubely_landscape":["https:\/\/www.agentiaimpreuna.ro\/capacitarea-romilor\/wp-content\/uploads\/2022\/07\/campaniee-constanta-1200x750.jpeg",1200,750,true],"qubely_portrait":["https:\/\/www.agentiaimpreuna.ro\/capacitarea-romilor\/wp-content\/uploads\/2022\/07\/campaniee-constanta-540x320.jpeg",540,320,true],"qubely_thumbnail":["https:\/\/www.agentiaimpreuna.ro\/capacitarea-romilor\/wp-content\/uploads\/2022\/07\/campaniee-constanta-140x100.jpeg",140,100,true]},"post_excerpt_stackable":"<p>Ca urmare a cursului de dezvoltare comunitar\u0103 \u0219i fundraising, membrii comunit\u0103\u021bii din Constan\u021ba s-au mobilizat la nivel local \u0219i astfel au derulat o campanie de str\u00e2ngere de fonduri \u00een luna noiembrie 2021. Acest demers a adunat 600 de z\u00e2mbete de copii \u00een preajma s\u0103rb\u0103torilor de iarn\u0103. Ne bucur\u0103m c\u0103 ini\u021biativele grupurilor de ini\u021biativ\u0103 prind contur! R\u0103m\u00e2nem #\u00eempreun\u0103 pentru noi informa\u021bii despre derularea proiectului #Capacitarea\u0218iAbilitareaRomilor #haide#ActiveCitizensFund#Romania#activecitizens#EEANorwayGrants<\/p>\n","category_list":"<a href=\"https:\/\/www.agentiaimpreuna.ro\/capacitarea-romilor\/en\/category\/news\/\" rel=\"category tag\">News<\/a>","author_info":{"name":"agenadmin","url":"https:\/\/www.agentiaimpreuna.ro\/capacitarea-romilor\/en\/author\/agenadmin\/"},"comments_num":"0 comments","featured_image_urls_v2":{"full":["https:\/\/www.agentiaimpreuna.ro\/capacitarea-romilor\/wp-content\/uploads\/2022\/07\/campaniee-constanta.jpeg",1920,1920,false],"thumbnail":["https:\/\/www.agentiaimpreuna.ro\/capacitarea-romilor\/wp-content\/uploads\/2022\/07\/campaniee-constanta-150x150.jpeg",150,150,true],"medium":["https:\/\/www.agentiaimpreuna.ro\/capacitarea-romilor\/wp-content\/uploads\/2022\/07\/campaniee-constanta-300x300.jpeg",300,300,true],"medium_large":["https:\/\/www.agentiaimpreuna.ro\/capacitarea-romilor\/wp-content\/uploads\/2022\/07\/campaniee-constanta-768x768.jpeg",768,768,true],"large":["https:\/\/www.agentiaimpreuna.ro\/capacitarea-romilor\/wp-content\/uploads\/2022\/07\/campaniee-constanta-1024x1024.jpeg",1024,1024,true],"1536x1536":["https:\/\/www.agentiaimpreuna.ro\/capacitarea-romilor\/wp-content\/uploads\/2022\/07\/campaniee-constanta-1536x1536.jpeg",1536,1536,true],"2048x2048":["https:\/\/www.agentiaimpreuna.ro\/capacitarea-romilor\/wp-content\/uploads\/2022\/07\/campaniee-constanta.jpeg",1920,1920,false],"trp-custom-language-flag":["https:\/\/www.agentiaimpreuna.ro\/capacitarea-romilor\/wp-content\/uploads\/2022\/07\/campaniee-constanta-12x12.jpeg",12,12,true],"qubely_landscape":["https:\/\/www.agentiaimpreuna.ro\/capacitarea-romilor\/wp-content\/uploads\/2022\/07\/campaniee-constanta-1200x750.jpeg",1200,750,true],"qubely_portrait":["https:\/\/www.agentiaimpreuna.ro\/capacitarea-romilor\/wp-content\/uploads\/2022\/07\/campaniee-constanta-540x320.jpeg",540,320,true],"qubely_thumbnail":["https:\/\/www.agentiaimpreuna.ro\/capacitarea-romilor\/wp-content\/uploads\/2022\/07\/campaniee-constanta-140x100.jpeg",140,100,true]},"post_excerpt_stackable_v2":"<p>Ca urmare a cursului de dezvoltare comunitar\u0103 \u0219i fundraising, membrii comunit\u0103\u021bii din Constan\u021ba s-au mobilizat la nivel local \u0219i astfel au derulat o campanie de str\u00e2ngere de fonduri \u00een luna noiembrie 2021. Acest demers a adunat 600 de z\u00e2mbete de copii \u00een preajma s\u0103rb\u0103torilor de iarn\u0103. Ne bucur\u0103m c\u0103 ini\u021biativele grupurilor de ini\u021biativ\u0103 prind contur! R\u0103m\u00e2nem #\u00eempreun\u0103 pentru noi informa\u021bii despre derularea proiectului #Capacitarea\u0218iAbilitareaRomilor #haide#ActiveCitizensFund#Romania#activecitizens#EEANorwayGrants<\/p>\n","category_list_v2":"<a href=\"https:\/\/www.agentiaimpreuna.ro\/capacitarea-romilor\/en\/category\/news\/\" rel=\"category tag\">News<\/a>","author_info_v2":{"name":"agenadmin","url":"https:\/\/www.agentiaimpreuna.ro\/capacitarea-romilor\/en\/author\/agenadmin\/"},"comments_num_v2":"0 comments","_links":{"self":[{"href":"https:\/\/www.agentiaimpreuna.ro\/capacitarea-romilor\/en\/wp-json\/wp\/v2\/posts\/1065","targetHints":{"allow":["GET"]}}],"collection":[{"href":"https:\/\/www.agentiaimpreuna.ro\/capacitarea-romilor\/en\/wp-json\/wp\/v2\/posts"}],"about":[{"href":"https:\/\/www.agentiaimpreuna.ro\/capacitarea-romilor\/en\/wp-json\/wp\/v2\/types\/post"}],"author":[{"embeddable":true,"href":"https:\/\/www.agentiaimpreuna.ro\/capacitarea-romilor\/en\/wp-json\/wp\/v2\/users\/1"}],"replies":[{"embeddable":true,"href":"https:\/\/www.agentiaimpreuna.ro\/capacitarea-romilor\/en\/wp-json\/wp\/v2\/comments?post=1065"}],"version-history":[{"count":0,"href":"https:\/\/www.agentiaimpreuna.ro\/capacitarea-romilor\/en\/wp-json\/wp\/v2\/posts\/1065\/revisions"}],"wp:featuredmedia":[{"embeddable":true,"href":"https:\/\/www.agentiaimpreuna.ro\/capacitarea-romilor\/en\/wp-json\/wp\/v2\/media\/1066"}],"wp:attachment":[{"href":"https:\/\/www.agentiaimpreuna.ro\/capacitarea-romilor\/en\/wp-json\/wp\/v2\/media?parent=1065"}],"wp:term":[{"taxonomy":"category","embeddable":true,"href":"https:\/\/www.agentiaimpreuna.ro\/capacitarea-romilor\/en\/wp-json\/wp\/v2\/categories?post=1065"},{"taxonomy":"post_tag","embeddable":true,"href":"https:\/\/www.agentiaimpreuna.ro\/capacitarea-romilor\/en\/wp-json\/wp\/v2\/tags?post=1065"}],"curies":[{"name":"wp","href":"https:\/\/api.w.org\/{rel}","templated":true}]}}