{"id":1061,"date":"2022-01-18T08:04:00","date_gmt":"2022-01-18T08:04:00","guid":{"rendered":"https:\/\/www.agentiaimpreuna.ro\/capacitarea-romilor\/?p=1061"},"modified":"2022-07-19T08:05:40","modified_gmt":"2022-07-19T08:05:40","slug":"constituirea-organizatiilor-nonguvernamentale","status":"publish","type":"post","link":"https:\/\/www.agentiaimpreuna.ro\/capacitarea-romilor\/en\/2022\/01\/18\/constituirea-organizatiilor-nonguvernamentale\/","title":{"rendered":"Establishment of non-governmental organizations"},"content":{"rendered":"<p>We are in the process of setting up and transforming the 12 initiative groups established into  12 non-governmental organizations, at the level of the three counties: C\u0103l\u0103ra\u0219i, Br\u0103ila and Constan\u021ba.<\/p>\n\n\n\n<p>The firm that will take care of this endeavor has been contracted, and at the local level a series of briefings have taken place regarding the responsibilities of the founding members in order to identify them.<\/p>\n\n\n\n<figure class=\"wp-block-image size-full\"><img loading=\"lazy\" decoding=\"async\" width=\"940\" height=\"788\" src=\"https:\/\/www.agentiaimpreuna.ro\/capacitarea-romilor\/wp-content\/uploads\/2022\/07\/ONG.png\" alt=\"\" class=\"wp-image-1062\" srcset=\"https:\/\/www.agentiaimpreuna.ro\/capacitarea-romilor\/wp-content\/uploads\/2022\/07\/ONG.png 940w, https:\/\/www.agentiaimpreuna.ro\/capacitarea-romilor\/wp-content\/uploads\/2022\/07\/ONG-300x251.png 300w, https:\/\/www.agentiaimpreuna.ro\/capacitarea-romilor\/wp-content\/uploads\/2022\/07\/ONG-768x644.png 768w, https:\/\/www.agentiaimpreuna.ro\/capacitarea-romilor\/wp-content\/uploads\/2022\/07\/ONG-14x12.png 14w\" sizes=\"auto, (max-width: 940px) 100vw, 940px\" \/><\/figure>\n\n\n\n<p>We'll keep you updated with new information about the development of the project!<\/p>\n\n\n\n<p><a href=\"https:\/\/www.facebook.com\/hashtag\/capacitarea%C8%99iabilitarearomilor?__eep__=6&amp;__cft__[0]=AZWXuUTrWFFPWAjKvlYO3EnldD5pnYmQ_UgUuhnyY6-tScwOxDp1v57ASErxSdqA5ABr1AT-HKlr-a7dMzFAs0WqFhjMbE99xmoqqMCCXfOq2bvbtn_KrXKAC7aDPSfZrsn8qzwXIDvBt0O5afs5XJyauDtpUds5zEFJkmN_WLCyx_jD3ZcwxqoLyZ3IEOBPUUTvoxftVm_sRvE6lpLdk-MS&amp;__tn__=*NK-R\" target=\"_blank\" rel=\"noopener\">#Capacitarea\u0218iAbilitareaRomilor<\/a><\/p>\n\n\n\n<p><a href=\"https:\/\/www.facebook.com\/hashtag\/haide?__eep__=6&amp;__cft__[0]=AZWXuUTrWFFPWAjKvlYO3EnldD5pnYmQ_UgUuhnyY6-tScwOxDp1v57ASErxSdqA5ABr1AT-HKlr-a7dMzFAs0WqFhjMbE99xmoqqMCCXfOq2bvbtn_KrXKAC7aDPSfZrsn8qzwXIDvBt0O5afs5XJyauDtpUds5zEFJkmN_WLCyx_jD3ZcwxqoLyZ3IEOBPUUTvoxftVm_sRvE6lpLdk-MS&amp;__tn__=*NK-R\" target=\"_blank\" rel=\"noopener\">#comeon#ActiveCitizensFund#Romania#activecitizens#EEANorwayGrants<\/a><a href=\"https:\/\/www.facebook.com\/hashtag\/activecitizensfund?__eep__=6&amp;__cft__[0]=AZWXuUTrWFFPWAjKvlYO3EnldD5pnYmQ_UgUuhnyY6-tScwOxDp1v57ASErxSdqA5ABr1AT-HKlr-a7dMzFAs0WqFhjMbE99xmoqqMCCXfOq2bvbtn_KrXKAC7aDPSfZrsn8qzwXIDvBt0O5afs5XJyauDtpUds5zEFJkmN_WLCyx_jD3ZcwxqoLyZ3IEOBPUUTvoxftVm_sRvE6lpLdk-MS&amp;__tn__=*NK-R\" target=\"_blank\" rel=\"noopener\">#ActiveCitizensFund<\/a><a href=\"https:\/\/www.facebook.com\/hashtag\/romania?__eep__=6&amp;__cft__[0]=AZWXuUTrWFFPWAjKvlYO3EnldD5pnYmQ_UgUuhnyY6-tScwOxDp1v57ASErxSdqA5ABr1AT-HKlr-a7dMzFAs0WqFhjMbE99xmoqqMCCXfOq2bvbtn_KrXKAC7aDPSfZrsn8qzwXIDvBt0O5afs5XJyauDtpUds5zEFJkmN_WLCyx_jD3ZcwxqoLyZ3IEOBPUUTvoxftVm_sRvE6lpLdk-MS&amp;__tn__=*NK-R\" target=\"_blank\" rel=\"noopener\">#Romania<\/a><a href=\"https:\/\/www.facebook.com\/hashtag\/activecitizens?__eep__=6&amp;__cft__[0]=AZWXuUTrWFFPWAjKvlYO3EnldD5pnYmQ_UgUuhnyY6-tScwOxDp1v57ASErxSdqA5ABr1AT-HKlr-a7dMzFAs0WqFhjMbE99xmoqqMCCXfOq2bvbtn_KrXKAC7aDPSfZrsn8qzwXIDvBt0O5afs5XJyauDtpUds5zEFJkmN_WLCyx_jD3ZcwxqoLyZ3IEOBPUUTvoxftVm_sRvE6lpLdk-MS&amp;__tn__=*NK-R\" target=\"_blank\" rel=\"noopener\">#activecitizens<\/a><a href=\"https:\/\/www.facebook.com\/hashtag\/eeanorwaygrants?__eep__=6&amp;__cft__[0]=AZWXuUTrWFFPWAjKvlYO3EnldD5pnYmQ_UgUuhnyY6-tScwOxDp1v57ASErxSdqA5ABr1AT-HKlr-a7dMzFAs0WqFhjMbE99xmoqqMCCXfOq2bvbtn_KrXKAC7aDPSfZrsn8qzwXIDvBt0O5afs5XJyauDtpUds5zEFJkmN_WLCyx_jD3ZcwxqoLyZ3IEOBPUUTvoxftVm_sRvE6lpLdk-MS&amp;__tn__=*NK-R\" target=\"_blank\" rel=\"noopener\">#EEANorwayGrants<\/a><\/p>","protected":false},"excerpt":{"rendered":"<p>Suntem \u00een proces de constituire \u0219i transformare a celor 12 grupuri de ini\u021biativ\u0103 \u00eenfiin\u021bate \u00een 12 organiza\u021bii nonguvernamentale, la nivelul celor trei jude\u021be: C\u0103l\u0103ra\u0219i, Br\u0103ila \u0219i Constan\u021ba. Compania care se va ocupa de acest demers a fost contractat\u0103, iar la nivel local a avut loc o serie de inform\u0103ri cu privire la responsabilit\u0103\u021bile membrilor fondatori \u00een scopul identific\u0103rii acestora. \u021ainem aproape pentru noi ve\u0219ti! #Capacitarea\u0218iAbilitareaRomilor #haide#ActiveCitizensFund#Romania#activecitizens#EEANorwayGrants<\/p>","protected":false},"author":1,"featured_media":1062,"comment_status":"open","ping_status":"open","sticky":false,"template":"","format":"standard","meta":{"qubely_global_settings":"","qubely_interactions":"","footnotes":""},"categories":[2],"tags":[],"class_list":["post-1061","post","type-post","status-publish","format-standard","has-post-thumbnail","hentry","category-news"],"blocksy_meta":{"styles_descriptor":{"styles":{"desktop":"","tablet":"","mobile":""},"google_fonts":[]}},"qubely_featured_image_url":{"full":["https:\/\/www.agentiaimpreuna.ro\/capacitarea-romilor\/wp-content\/uploads\/2022\/07\/ONG.png",940,788,false],"landscape":["https:\/\/www.agentiaimpreuna.ro\/capacitarea-romilor\/wp-content\/uploads\/2022\/07\/ONG-940x750.png",940,750,true],"portraits":["https:\/\/www.agentiaimpreuna.ro\/capacitarea-romilor\/wp-content\/uploads\/2022\/07\/ONG-540x320.png",540,320,true],"thumbnail":["https:\/\/www.agentiaimpreuna.ro\/capacitarea-romilor\/wp-content\/uploads\/2022\/07\/ONG-150x150.png",150,150,true],"medium":["https:\/\/www.agentiaimpreuna.ro\/capacitarea-romilor\/wp-content\/uploads\/2022\/07\/ONG-300x251.png",300,251,true],"medium_large":["https:\/\/www.agentiaimpreuna.ro\/capacitarea-romilor\/wp-content\/uploads\/2022\/07\/ONG-768x644.png",768,644,true],"large":["https:\/\/www.agentiaimpreuna.ro\/capacitarea-romilor\/wp-content\/uploads\/2022\/07\/ONG.png",940,788,false],"1536x1536":["https:\/\/www.agentiaimpreuna.ro\/capacitarea-romilor\/wp-content\/uploads\/2022\/07\/ONG.png",940,788,false],"2048x2048":["https:\/\/www.agentiaimpreuna.ro\/capacitarea-romilor\/wp-content\/uploads\/2022\/07\/ONG.png",940,788,false],"trp-custom-language-flag":["https:\/\/www.agentiaimpreuna.ro\/capacitarea-romilor\/wp-content\/uploads\/2022\/07\/ONG-14x12.png",14,12,true],"qubely_landscape":["https:\/\/www.agentiaimpreuna.ro\/capacitarea-romilor\/wp-content\/uploads\/2022\/07\/ONG-940x750.png",940,750,true],"qubely_portrait":["https:\/\/www.agentiaimpreuna.ro\/capacitarea-romilor\/wp-content\/uploads\/2022\/07\/ONG-540x320.png",540,320,true],"qubely_thumbnail":["https:\/\/www.agentiaimpreuna.ro\/capacitarea-romilor\/wp-content\/uploads\/2022\/07\/ONG-140x100.png",140,100,true]},"qubely_author":{"display_name":"agenadmin","author_link":"https:\/\/www.agentiaimpreuna.ro\/capacitarea-romilor\/en\/author\/agenadmin\/"},"qubely_comment":0,"qubely_category":"<a href=\"https:\/\/www.agentiaimpreuna.ro\/capacitarea-romilor\/en\/category\/news\/\" rel=\"category tag\">News<\/a>","qubely_excerpt":"Suntem \u00een proces de constituire \u0219i transformare a celor 12 grupuri de ini\u021biativ\u0103 \u00eenfiin\u021bate \u00een 12 organiza\u021bii nonguvernamentale, la nivelul celor trei jude\u021be: C\u0103l\u0103ra\u0219i, Br\u0103ila \u0219i Constan\u021ba. Compania care se va ocupa de acest demers a fost contractat\u0103, iar la nivel local a avut loc o serie de inform\u0103ri cu privire la responsabilit\u0103\u021bile membrilor fondatori&hellip;","featured_image_urls":{"full":["https:\/\/www.agentiaimpreuna.ro\/capacitarea-romilor\/wp-content\/uploads\/2022\/07\/ONG.png",940,788,false],"thumbnail":["https:\/\/www.agentiaimpreuna.ro\/capacitarea-romilor\/wp-content\/uploads\/2022\/07\/ONG-150x150.png",150,150,true],"medium":["https:\/\/www.agentiaimpreuna.ro\/capacitarea-romilor\/wp-content\/uploads\/2022\/07\/ONG-300x251.png",300,251,true],"medium_large":["https:\/\/www.agentiaimpreuna.ro\/capacitarea-romilor\/wp-content\/uploads\/2022\/07\/ONG-768x644.png",768,644,true],"large":["https:\/\/www.agentiaimpreuna.ro\/capacitarea-romilor\/wp-content\/uploads\/2022\/07\/ONG.png",940,788,false],"1536x1536":["https:\/\/www.agentiaimpreuna.ro\/capacitarea-romilor\/wp-content\/uploads\/2022\/07\/ONG.png",940,788,false],"2048x2048":["https:\/\/www.agentiaimpreuna.ro\/capacitarea-romilor\/wp-content\/uploads\/2022\/07\/ONG.png",940,788,false],"trp-custom-language-flag":["https:\/\/www.agentiaimpreuna.ro\/capacitarea-romilor\/wp-content\/uploads\/2022\/07\/ONG-14x12.png",14,12,true],"qubely_landscape":["https:\/\/www.agentiaimpreuna.ro\/capacitarea-romilor\/wp-content\/uploads\/2022\/07\/ONG-940x750.png",940,750,true],"qubely_portrait":["https:\/\/www.agentiaimpreuna.ro\/capacitarea-romilor\/wp-content\/uploads\/2022\/07\/ONG-540x320.png",540,320,true],"qubely_thumbnail":["https:\/\/www.agentiaimpreuna.ro\/capacitarea-romilor\/wp-content\/uploads\/2022\/07\/ONG-140x100.png",140,100,true]},"post_excerpt_stackable":"<p>Suntem \u00een proces de constituire \u0219i transformare a celor 12 grupuri de ini\u021biativ\u0103 \u00eenfiin\u021bate \u00een 12 organiza\u021bii nonguvernamentale, la nivelul celor trei jude\u021be: C\u0103l\u0103ra\u0219i, Br\u0103ila \u0219i Constan\u021ba. Compania care se va ocupa de acest demers a fost contractat\u0103, iar la nivel local a avut loc o serie de inform\u0103ri cu privire la responsabilit\u0103\u021bile membrilor fondatori \u00een scopul identific\u0103rii acestora. \u021ainem aproape pentru noi ve\u0219ti! #Capacitarea\u0218iAbilitareaRomilor #haide#ActiveCitizensFund#Romania#activecitizens#EEANorwayGrants<\/p>\n","category_list":"<a href=\"https:\/\/www.agentiaimpreuna.ro\/capacitarea-romilor\/en\/category\/news\/\" rel=\"category tag\">News<\/a>","author_info":{"name":"agenadmin","url":"https:\/\/www.agentiaimpreuna.ro\/capacitarea-romilor\/en\/author\/agenadmin\/"},"comments_num":"0 comments","featured_image_urls_v2":{"full":["https:\/\/www.agentiaimpreuna.ro\/capacitarea-romilor\/wp-content\/uploads\/2022\/07\/ONG.png",940,788,false],"thumbnail":["https:\/\/www.agentiaimpreuna.ro\/capacitarea-romilor\/wp-content\/uploads\/2022\/07\/ONG-150x150.png",150,150,true],"medium":["https:\/\/www.agentiaimpreuna.ro\/capacitarea-romilor\/wp-content\/uploads\/2022\/07\/ONG-300x251.png",300,251,true],"medium_large":["https:\/\/www.agentiaimpreuna.ro\/capacitarea-romilor\/wp-content\/uploads\/2022\/07\/ONG-768x644.png",768,644,true],"large":["https:\/\/www.agentiaimpreuna.ro\/capacitarea-romilor\/wp-content\/uploads\/2022\/07\/ONG.png",940,788,false],"1536x1536":["https:\/\/www.agentiaimpreuna.ro\/capacitarea-romilor\/wp-content\/uploads\/2022\/07\/ONG.png",940,788,false],"2048x2048":["https:\/\/www.agentiaimpreuna.ro\/capacitarea-romilor\/wp-content\/uploads\/2022\/07\/ONG.png",940,788,false],"trp-custom-language-flag":["https:\/\/www.agentiaimpreuna.ro\/capacitarea-romilor\/wp-content\/uploads\/2022\/07\/ONG-14x12.png",14,12,true],"qubely_landscape":["https:\/\/www.agentiaimpreuna.ro\/capacitarea-romilor\/wp-content\/uploads\/2022\/07\/ONG-940x750.png",940,750,true],"qubely_portrait":["https:\/\/www.agentiaimpreuna.ro\/capacitarea-romilor\/wp-content\/uploads\/2022\/07\/ONG-540x320.png",540,320,true],"qubely_thumbnail":["https:\/\/www.agentiaimpreuna.ro\/capacitarea-romilor\/wp-content\/uploads\/2022\/07\/ONG-140x100.png",140,100,true]},"post_excerpt_stackable_v2":"<p>Suntem \u00een proces de constituire \u0219i transformare a celor 12 grupuri de ini\u021biativ\u0103 \u00eenfiin\u021bate \u00een 12 organiza\u021bii nonguvernamentale, la nivelul celor trei jude\u021be: C\u0103l\u0103ra\u0219i, Br\u0103ila \u0219i Constan\u021ba. Compania care se va ocupa de acest demers a fost contractat\u0103, iar la nivel local a avut loc o serie de inform\u0103ri cu privire la responsabilit\u0103\u021bile membrilor fondatori \u00een scopul identific\u0103rii acestora. \u021ainem aproape pentru noi ve\u0219ti! #Capacitarea\u0218iAbilitareaRomilor #haide#ActiveCitizensFund#Romania#activecitizens#EEANorwayGrants<\/p>\n","category_list_v2":"<a href=\"https:\/\/www.agentiaimpreuna.ro\/capacitarea-romilor\/en\/category\/news\/\" rel=\"category tag\">News<\/a>","author_info_v2":{"name":"agenadmin","url":"https:\/\/www.agentiaimpreuna.ro\/capacitarea-romilor\/en\/author\/agenadmin\/"},"comments_num_v2":"0 comments","_links":{"self":[{"href":"https:\/\/www.agentiaimpreuna.ro\/capacitarea-romilor\/en\/wp-json\/wp\/v2\/posts\/1061","targetHints":{"allow":["GET"]}}],"collection":[{"href":"https:\/\/www.agentiaimpreuna.ro\/capacitarea-romilor\/en\/wp-json\/wp\/v2\/posts"}],"about":[{"href":"https:\/\/www.agentiaimpreuna.ro\/capacitarea-romilor\/en\/wp-json\/wp\/v2\/types\/post"}],"author":[{"embeddable":true,"href":"https:\/\/www.agentiaimpreuna.ro\/capacitarea-romilor\/en\/wp-json\/wp\/v2\/users\/1"}],"replies":[{"embeddable":true,"href":"https:\/\/www.agentiaimpreuna.ro\/capacitarea-romilor\/en\/wp-json\/wp\/v2\/comments?post=1061"}],"version-history":[{"count":0,"href":"https:\/\/www.agentiaimpreuna.ro\/capacitarea-romilor\/en\/wp-json\/wp\/v2\/posts\/1061\/revisions"}],"wp:featuredmedia":[{"embeddable":true,"href":"https:\/\/www.agentiaimpreuna.ro\/capacitarea-romilor\/en\/wp-json\/wp\/v2\/media\/1062"}],"wp:attachment":[{"href":"https:\/\/www.agentiaimpreuna.ro\/capacitarea-romilor\/en\/wp-json\/wp\/v2\/media?parent=1061"}],"wp:term":[{"taxonomy":"category","embeddable":true,"href":"https:\/\/www.agentiaimpreuna.ro\/capacitarea-romilor\/en\/wp-json\/wp\/v2\/categories?post=1061"},{"taxonomy":"post_tag","embeddable":true,"href":"https:\/\/www.agentiaimpreuna.ro\/capacitarea-romilor\/en\/wp-json\/wp\/v2\/tags?post=1061"}],"curies":[{"name":"wp","href":"https:\/\/api.w.org\/{rel}","templated":true}]}}