{"id":1026,"date":"2021-03-30T07:35:00","date_gmt":"2021-03-30T07:35:00","guid":{"rendered":"https:\/\/www.agentiaimpreuna.ro\/capacitarea-romilor\/?p=1026"},"modified":"2022-07-19T07:39:59","modified_gmt":"2022-07-19T07:39:59","slug":"eveniment-de-lansare","status":"publish","type":"post","link":"https:\/\/www.agentiaimpreuna.ro\/capacitarea-romilor\/en\/2021\/03\/30\/eveniment-de-lansare\/","title":{"rendered":"Launch event"},"content":{"rendered":"<p>Today, the 30th of March 3, 2021, took place the launch event of the project \"Capacitating and Empowering of Roma through Lobbying and Action*\".<img loading=\"lazy\" decoding=\"async\" height=\"16\" width=\"16\" src=\"https:\/\/static.xx.fbcdn.net\/images\/emoji.php\/v9\/td\/2\/16\/1f4ac.png\" alt=\"\ud83d\udcac\"><\/p>\n\n\n\n<figure class=\"wp-block-image size-large\"><img loading=\"lazy\" decoding=\"async\" width=\"1024\" height=\"523\" src=\"https:\/\/www.agentiaimpreuna.ro\/capacitarea-romilor\/wp-content\/uploads\/2022\/07\/Snip20220719_15-1024x523.png\" alt=\"\" class=\"wp-image-1029\" srcset=\"https:\/\/www.agentiaimpreuna.ro\/capacitarea-romilor\/wp-content\/uploads\/2022\/07\/Snip20220719_15-1024x523.png 1024w, https:\/\/www.agentiaimpreuna.ro\/capacitarea-romilor\/wp-content\/uploads\/2022\/07\/Snip20220719_15-300x153.png 300w, https:\/\/www.agentiaimpreuna.ro\/capacitarea-romilor\/wp-content\/uploads\/2022\/07\/Snip20220719_15-768x392.png 768w, https:\/\/www.agentiaimpreuna.ro\/capacitarea-romilor\/wp-content\/uploads\/2022\/07\/Snip20220719_15-18x9.png 18w, https:\/\/www.agentiaimpreuna.ro\/capacitarea-romilor\/wp-content\/uploads\/2022\/07\/Snip20220719_15.png 1144w\" sizes=\"auto, (max-width: 1024px) 100vw, 1024px\" \/><\/figure>\n\n\n\n<p><img loading=\"lazy\" decoding=\"async\" height=\"16\" width=\"16\" alt=\"\ud83d\udccc\" src=\"https:\/\/static.xx.fbcdn.net\/images\/emoji.php\/v9\/t4b\/2\/16\/1f4cc.png\"> The discussion is centered on three main pillars, namely:<\/p>\n\n\n\n<p><img loading=\"lazy\" decoding=\"async\" height=\"16\" width=\"16\" alt=\"1\ufe0f\u20e3\" src=\"https:\/\/static.xx.fbcdn.net\/images\/emoji.php\/v9\/t59\/2\/16\/31_20e3.png\"> To what extent are Roma part of the local action plans\/strategies developed by the LPAs?<\/p>\n\n\n\n<p><img loading=\"lazy\" decoding=\"async\" height=\"16\" width=\"16\" alt=\"2\ufe0f\u20e3\" src=\"https:\/\/static.xx.fbcdn.net\/images\/emoji.php\/v9\/t78\/2\/16\/32_20e3.png\"> Is the local education system inclusive for all of its students, implicitly also for Roma students?<\/p>\n\n\n\n<p><img loading=\"lazy\" decoding=\"async\" height=\"16\" width=\"16\" alt=\"3\ufe0f\u20e3\" src=\"https:\/\/static.xx.fbcdn.net\/images\/emoji.php\/v9\/t97\/2\/16\/33_20e3.png\"> What is the responsibility of the civil society in representing Roma at the local level?<\/p>\n\n\n\n<p>The project \"Capacitating and Empowering of Roma through Lobbying and Action\u201d is going to be implemented during the period of 01.03.2021-31.08.2022 and aims to increase the capacity of vulnerable groups from 12 interethnic rural communities.<\/p>\n\n\n\n<p>The two main objectives of the project are:<\/p>\n\n\n\n<p>1. Creating and mobilizing 12 interethnic groups to represent and act in 12 rural communities over a period of 18 months;<\/p>\n\n\n\n<p>2. Increasing the involvement in the community life of 660 people belonging to vulnerable groups (Roma and non-Roma) from 12 interethnic rural communities for a period of 18 months.<\/p>\n\n\n\n<p>The expected results of the project foresees:<\/p>\n\n\n\n<p>\u2022 Empowerming 12 Roma communities from 3 counties (Braila, Calara\u0219i and Constan\u021ba) through facilitation and community development;<\/p>\n\n\n\n<p>\u2022 Capacitating 24 Roma experts and leaders at a national level to increase their involvement in decision-making targeting Roma communities and beyond;<\/p>\n\n\n\n<p>\u2022 Training activities for teachers on Roma history.<\/p>\n\n\n\n<p><\/p>\n\n\n\n<p><strong>You can find the entire discussion on the Facebook page dedicated to the project, <a href=\"https:\/\/www.facebook.com\/AgentiaImpreuna\/videos\/247508517057333\" target=\"_blank\" rel=\"noopener\">here<\/a><\/strong>.<\/p>\n\n\n\n<figure class=\"wp-block-image size-large\"><img loading=\"lazy\" decoding=\"async\" width=\"1024\" height=\"510\" src=\"https:\/\/www.agentiaimpreuna.ro\/capacitarea-romilor\/wp-content\/uploads\/2022\/07\/Snip20220719_16-1024x510.png\" alt=\"\" class=\"wp-image-1028\" srcset=\"https:\/\/www.agentiaimpreuna.ro\/capacitarea-romilor\/wp-content\/uploads\/2022\/07\/Snip20220719_16-1024x510.png 1024w, https:\/\/www.agentiaimpreuna.ro\/capacitarea-romilor\/wp-content\/uploads\/2022\/07\/Snip20220719_16-300x149.png 300w, https:\/\/www.agentiaimpreuna.ro\/capacitarea-romilor\/wp-content\/uploads\/2022\/07\/Snip20220719_16-768x383.png 768w, https:\/\/www.agentiaimpreuna.ro\/capacitarea-romilor\/wp-content\/uploads\/2022\/07\/Snip20220719_16-18x9.png 18w, https:\/\/www.agentiaimpreuna.ro\/capacitarea-romilor\/wp-content\/uploads\/2022\/07\/Snip20220719_16.png 1148w\" sizes=\"auto, (max-width: 1024px) 100vw, 1024px\" \/><\/figure>\n\n\n\n<p>*Project carried out by the Foundation Agency \u201c\u00cempreun\u0103\u201d in partnership with the Roma Center for Health Policies \u2013 SASTIPEN and the Association Center for Education and Human Rights \u2013 ACEDO with the financial support of Active Citizens Fund Romania , a program funded by Iceland, Liechtenstein and Norway through the EEA Grants 2014-2021.  The aim of the project is to increase the empowerment of vulnerable groups from 12 interethnic rural communities in Braila, Calara\u0219i and Constan\u021ba counties.<\/p>\n\n\n\n<p><a href=\"https:\/\/www.facebook.com\/hashtag\/haide?__eep__=6&amp;__cft__[0]=AZWHCdlvKOjJ0tWSCzZi0NVIPeJOwjos5LtowRmFFmwayl8TLbG6iJnzX83ZqE0mn_YlOULJJXqtfB5wUssp3WzpiSt-ltzU202tr8IKMY6OuV2KYc8QPtus79wrvAIaYES3-vgMdZNxMOc_OS2d2ma1ZHvYRODznwlRF1shHtWDvGVpOxlnHHyoudfhIBhNQZL_NDjHLFSbnIA8dmRrq8lFR1ZQ-3Ac-9HarUttfGmFwbDVRV9ayC_4mrbRR8ZiNV4&amp;__tn__=*NK-R\" target=\"_blank\" rel=\"noopener\">#comeon#ActiveCitizensFund#Romania#activecitizens#EEANorwayGrants<\/a><a href=\"https:\/\/www.facebook.com\/hashtag\/activecitizensfund?__eep__=6&amp;__cft__[0]=AZWHCdlvKOjJ0tWSCzZi0NVIPeJOwjos5LtowRmFFmwayl8TLbG6iJnzX83ZqE0mn_YlOULJJXqtfB5wUssp3WzpiSt-ltzU202tr8IKMY6OuV2KYc8QPtus79wrvAIaYES3-vgMdZNxMOc_OS2d2ma1ZHvYRODznwlRF1shHtWDvGVpOxlnHHyoudfhIBhNQZL_NDjHLFSbnIA8dmRrq8lFR1ZQ-3Ac-9HarUttfGmFwbDVRV9ayC_4mrbRR8ZiNV4&amp;__tn__=*NK-R\" target=\"_blank\" rel=\"noopener\">#ActiveCitizensFund<\/a><a href=\"https:\/\/www.facebook.com\/hashtag\/romania?__eep__=6&amp;__cft__[0]=AZWHCdlvKOjJ0tWSCzZi0NVIPeJOwjos5LtowRmFFmwayl8TLbG6iJnzX83ZqE0mn_YlOULJJXqtfB5wUssp3WzpiSt-ltzU202tr8IKMY6OuV2KYc8QPtus79wrvAIaYES3-vgMdZNxMOc_OS2d2ma1ZHvYRODznwlRF1shHtWDvGVpOxlnHHyoudfhIBhNQZL_NDjHLFSbnIA8dmRrq8lFR1ZQ-3Ac-9HarUttfGmFwbDVRV9ayC_4mrbRR8ZiNV4&amp;__tn__=*NK-R\" target=\"_blank\" rel=\"noopener\">#Romania<\/a><a href=\"https:\/\/www.facebook.com\/hashtag\/activecitizens?__eep__=6&amp;__cft__[0]=AZWHCdlvKOjJ0tWSCzZi0NVIPeJOwjos5LtowRmFFmwayl8TLbG6iJnzX83ZqE0mn_YlOULJJXqtfB5wUssp3WzpiSt-ltzU202tr8IKMY6OuV2KYc8QPtus79wrvAIaYES3-vgMdZNxMOc_OS2d2ma1ZHvYRODznwlRF1shHtWDvGVpOxlnHHyoudfhIBhNQZL_NDjHLFSbnIA8dmRrq8lFR1ZQ-3Ac-9HarUttfGmFwbDVRV9ayC_4mrbRR8ZiNV4&amp;__tn__=*NK-R\" target=\"_blank\" rel=\"noopener\">#activecitizens<\/a><a href=\"https:\/\/www.facebook.com\/hashtag\/eeanorwaygrants?__eep__=6&amp;__cft__[0]=AZWHCdlvKOjJ0tWSCzZi0NVIPeJOwjos5LtowRmFFmwayl8TLbG6iJnzX83ZqE0mn_YlOULJJXqtfB5wUssp3WzpiSt-ltzU202tr8IKMY6OuV2KYc8QPtus79wrvAIaYES3-vgMdZNxMOc_OS2d2ma1ZHvYRODznwlRF1shHtWDvGVpOxlnHHyoudfhIBhNQZL_NDjHLFSbnIA8dmRrq8lFR1ZQ-3Ac-9HarUttfGmFwbDVRV9ayC_4mrbRR8ZiNV4&amp;__tn__=*NK-R\" target=\"_blank\" rel=\"noopener\">#EEANorwayGrants<\/a><\/p>","protected":false},"excerpt":{"rendered":"<p>Ast\u0103zi, 30 martie 2021, are loc evenimentul de lansare a proiectului \u201eCapacitarea \u0219i Abilitarea Romilor prin Lobby \u0219i Ac\u021biune*\u201d. Discu\u021bia este centrat\u0103 pe trei mari piloni, \u0219i anume: \u00cen ce m\u0103sur\u0103 romii sunt parte a planurilor de ac\u021biune local\u0103\/ strategiilor locale elaborate de APL-uri? Sistemul educa\u021bional de la nivel local este unul incluziv pentru to\u021bi elevii s\u0103i, implicit \u0219i pentru elevii romi? Care este responsabilitatea societ\u0103\u021bii civile \u00een reprezentarea romilor la nivel local? Proiectul \u201eCapacitarea \u0219i Abilitarea Romilor prin Lobby \u0219i Ac\u021biune\u201d este implementat \u00een perioada 01.03.2021-31.08.2022 \u0219i \u00ee\u0219i propune cre\u0219terea capacit\u0103\u021bii grupurilor vulnerabile din 12 comunit\u0103\u021bi rurale interetnice. \ud835\udc0f\ud835\udc2b\ud835\udc22\ud835\udc27\ud835\udc1c\ud835\udc22\ud835\udc29\ud835\udc1a\ud835\udc25\ud835\udc1e\ud835\udc25\ud835\udc1e\u2026<\/p>","protected":false},"author":1,"featured_media":1028,"comment_status":"open","ping_status":"open","sticky":false,"template":"","format":"standard","meta":{"qubely_global_settings":"","qubely_interactions":"","footnotes":""},"categories":[2],"tags":[],"class_list":["post-1026","post","type-post","status-publish","format-standard","has-post-thumbnail","hentry","category-news"],"blocksy_meta":{"styles_descriptor":{"styles":{"desktop":"","tablet":"","mobile":""},"google_fonts":[]}},"qubely_featured_image_url":{"full":["https:\/\/www.agentiaimpreuna.ro\/capacitarea-romilor\/wp-content\/uploads\/2022\/07\/Snip20220719_16.png",1148,572,false],"landscape":["https:\/\/www.agentiaimpreuna.ro\/capacitarea-romilor\/wp-content\/uploads\/2022\/07\/Snip20220719_16.png",1148,572,false],"portraits":["https:\/\/www.agentiaimpreuna.ro\/capacitarea-romilor\/wp-content\/uploads\/2022\/07\/Snip20220719_16-540x320.png",540,320,true],"thumbnail":["https:\/\/www.agentiaimpreuna.ro\/capacitarea-romilor\/wp-content\/uploads\/2022\/07\/Snip20220719_16-150x150.png",150,150,true],"medium":["https:\/\/www.agentiaimpreuna.ro\/capacitarea-romilor\/wp-content\/uploads\/2022\/07\/Snip20220719_16-300x149.png",300,149,true],"medium_large":["https:\/\/www.agentiaimpreuna.ro\/capacitarea-romilor\/wp-content\/uploads\/2022\/07\/Snip20220719_16-768x383.png",768,383,true],"large":["https:\/\/www.agentiaimpreuna.ro\/capacitarea-romilor\/wp-content\/uploads\/2022\/07\/Snip20220719_16-1024x510.png",1024,510,true],"1536x1536":["https:\/\/www.agentiaimpreuna.ro\/capacitarea-romilor\/wp-content\/uploads\/2022\/07\/Snip20220719_16.png",1148,572,false],"2048x2048":["https:\/\/www.agentiaimpreuna.ro\/capacitarea-romilor\/wp-content\/uploads\/2022\/07\/Snip20220719_16.png",1148,572,false],"trp-custom-language-flag":["https:\/\/www.agentiaimpreuna.ro\/capacitarea-romilor\/wp-content\/uploads\/2022\/07\/Snip20220719_16-18x9.png",18,9,true],"qubely_landscape":["https:\/\/www.agentiaimpreuna.ro\/capacitarea-romilor\/wp-content\/uploads\/2022\/07\/Snip20220719_16.png",1148,572,false],"qubely_portrait":["https:\/\/www.agentiaimpreuna.ro\/capacitarea-romilor\/wp-content\/uploads\/2022\/07\/Snip20220719_16-540x320.png",540,320,true],"qubely_thumbnail":["https:\/\/www.agentiaimpreuna.ro\/capacitarea-romilor\/wp-content\/uploads\/2022\/07\/Snip20220719_16-140x100.png",140,100,true]},"qubely_author":{"display_name":"agenadmin","author_link":"https:\/\/www.agentiaimpreuna.ro\/capacitarea-romilor\/en\/author\/agenadmin\/"},"qubely_comment":0,"qubely_category":"<a href=\"https:\/\/www.agentiaimpreuna.ro\/capacitarea-romilor\/en\/category\/news\/\" rel=\"category tag\">News<\/a>","qubely_excerpt":"Ast\u0103zi, 30 martie 2021, are loc evenimentul de lansare a proiectului \u201eCapacitarea \u0219i Abilitarea Romilor prin Lobby \u0219i Ac\u021biune*\u201d. Discu\u021bia este centrat\u0103 pe trei mari piloni, \u0219i anume: \u00cen ce m\u0103sur\u0103 romii sunt parte a planurilor de ac\u021biune local\u0103\/ strategiilor locale elaborate de APL-uri? Sistemul educa\u021bional de la nivel local este unul incluziv pentru to\u021bi&hellip;","featured_image_urls":{"full":["https:\/\/www.agentiaimpreuna.ro\/capacitarea-romilor\/wp-content\/uploads\/2022\/07\/Snip20220719_16.png",1148,572,false],"thumbnail":["https:\/\/www.agentiaimpreuna.ro\/capacitarea-romilor\/wp-content\/uploads\/2022\/07\/Snip20220719_16-150x150.png",150,150,true],"medium":["https:\/\/www.agentiaimpreuna.ro\/capacitarea-romilor\/wp-content\/uploads\/2022\/07\/Snip20220719_16-300x149.png",300,149,true],"medium_large":["https:\/\/www.agentiaimpreuna.ro\/capacitarea-romilor\/wp-content\/uploads\/2022\/07\/Snip20220719_16-768x383.png",768,383,true],"large":["https:\/\/www.agentiaimpreuna.ro\/capacitarea-romilor\/wp-content\/uploads\/2022\/07\/Snip20220719_16-1024x510.png",1024,510,true],"1536x1536":["https:\/\/www.agentiaimpreuna.ro\/capacitarea-romilor\/wp-content\/uploads\/2022\/07\/Snip20220719_16.png",1148,572,false],"2048x2048":["https:\/\/www.agentiaimpreuna.ro\/capacitarea-romilor\/wp-content\/uploads\/2022\/07\/Snip20220719_16.png",1148,572,false],"trp-custom-language-flag":["https:\/\/www.agentiaimpreuna.ro\/capacitarea-romilor\/wp-content\/uploads\/2022\/07\/Snip20220719_16-18x9.png",18,9,true],"qubely_landscape":["https:\/\/www.agentiaimpreuna.ro\/capacitarea-romilor\/wp-content\/uploads\/2022\/07\/Snip20220719_16.png",1148,572,false],"qubely_portrait":["https:\/\/www.agentiaimpreuna.ro\/capacitarea-romilor\/wp-content\/uploads\/2022\/07\/Snip20220719_16-540x320.png",540,320,true],"qubely_thumbnail":["https:\/\/www.agentiaimpreuna.ro\/capacitarea-romilor\/wp-content\/uploads\/2022\/07\/Snip20220719_16-140x100.png",140,100,true]},"post_excerpt_stackable":"<p>Ast\u0103zi, 30 martie 2021, are loc evenimentul de lansare a proiectului \u201eCapacitarea \u0219i Abilitarea Romilor prin Lobby \u0219i Ac\u021biune*\u201d. Discu\u021bia este centrat\u0103 pe trei mari piloni, \u0219i anume: \u00cen ce m\u0103sur\u0103 romii sunt parte a planurilor de ac\u021biune local\u0103\/ strategiilor locale elaborate de APL-uri? Sistemul educa\u021bional de la nivel local este unul incluziv pentru to\u021bi elevii s\u0103i, implicit \u0219i pentru elevii romi? Care este responsabilitatea societ\u0103\u021bii civile \u00een reprezentarea romilor la nivel local? Proiectul \u201eCapacitarea \u0219i Abilitarea Romilor prin Lobby \u0219i Ac\u021biune\u201d este implementat \u00een perioada 01.03.2021-31.08.2022 \u0219i \u00ee\u0219i propune cre\u0219terea capacit\u0103\u021bii grupurilor vulnerabile din 12 comunit\u0103\u021bi rurale interetnice. \ud835\udc0f\ud835\udc2b\ud835\udc22\ud835\udc27\ud835\udc1c\ud835\udc22\ud835\udc29\ud835\udc1a\ud835\udc25\ud835\udc1e\ud835\udc25\ud835\udc1e&hellip;<\/p>\n","category_list":"<a href=\"https:\/\/www.agentiaimpreuna.ro\/capacitarea-romilor\/en\/category\/news\/\" rel=\"category tag\">News<\/a>","author_info":{"name":"agenadmin","url":"https:\/\/www.agentiaimpreuna.ro\/capacitarea-romilor\/en\/author\/agenadmin\/"},"comments_num":"0 comments","featured_image_urls_v2":{"full":["https:\/\/www.agentiaimpreuna.ro\/capacitarea-romilor\/wp-content\/uploads\/2022\/07\/Snip20220719_16.png",1148,572,false],"thumbnail":["https:\/\/www.agentiaimpreuna.ro\/capacitarea-romilor\/wp-content\/uploads\/2022\/07\/Snip20220719_16-150x150.png",150,150,true],"medium":["https:\/\/www.agentiaimpreuna.ro\/capacitarea-romilor\/wp-content\/uploads\/2022\/07\/Snip20220719_16-300x149.png",300,149,true],"medium_large":["https:\/\/www.agentiaimpreuna.ro\/capacitarea-romilor\/wp-content\/uploads\/2022\/07\/Snip20220719_16-768x383.png",768,383,true],"large":["https:\/\/www.agentiaimpreuna.ro\/capacitarea-romilor\/wp-content\/uploads\/2022\/07\/Snip20220719_16-1024x510.png",1024,510,true],"1536x1536":["https:\/\/www.agentiaimpreuna.ro\/capacitarea-romilor\/wp-content\/uploads\/2022\/07\/Snip20220719_16.png",1148,572,false],"2048x2048":["https:\/\/www.agentiaimpreuna.ro\/capacitarea-romilor\/wp-content\/uploads\/2022\/07\/Snip20220719_16.png",1148,572,false],"trp-custom-language-flag":["https:\/\/www.agentiaimpreuna.ro\/capacitarea-romilor\/wp-content\/uploads\/2022\/07\/Snip20220719_16-18x9.png",18,9,true],"qubely_landscape":["https:\/\/www.agentiaimpreuna.ro\/capacitarea-romilor\/wp-content\/uploads\/2022\/07\/Snip20220719_16.png",1148,572,false],"qubely_portrait":["https:\/\/www.agentiaimpreuna.ro\/capacitarea-romilor\/wp-content\/uploads\/2022\/07\/Snip20220719_16-540x320.png",540,320,true],"qubely_thumbnail":["https:\/\/www.agentiaimpreuna.ro\/capacitarea-romilor\/wp-content\/uploads\/2022\/07\/Snip20220719_16-140x100.png",140,100,true]},"post_excerpt_stackable_v2":"<p>Ast\u0103zi, 30 martie 2021, are loc evenimentul de lansare a proiectului \u201eCapacitarea \u0219i Abilitarea Romilor prin Lobby \u0219i Ac\u021biune*\u201d. Discu\u021bia este centrat\u0103 pe trei mari piloni, \u0219i anume: \u00cen ce m\u0103sur\u0103 romii sunt parte a planurilor de ac\u021biune local\u0103\/ strategiilor locale elaborate de APL-uri? Sistemul educa\u021bional de la nivel local este unul incluziv pentru to\u021bi elevii s\u0103i, implicit \u0219i pentru elevii romi? Care este responsabilitatea societ\u0103\u021bii civile \u00een reprezentarea romilor la nivel local? Proiectul \u201eCapacitarea \u0219i Abilitarea Romilor prin Lobby \u0219i Ac\u021biune\u201d este implementat \u00een perioada 01.03.2021-31.08.2022 \u0219i \u00ee\u0219i propune cre\u0219terea capacit\u0103\u021bii grupurilor vulnerabile din 12 comunit\u0103\u021bi rurale interetnice. \ud835\udc0f\ud835\udc2b\ud835\udc22\ud835\udc27\ud835\udc1c\ud835\udc22\ud835\udc29\ud835\udc1a\ud835\udc25\ud835\udc1e\ud835\udc25\ud835\udc1e&hellip;<\/p>\n","category_list_v2":"<a href=\"https:\/\/www.agentiaimpreuna.ro\/capacitarea-romilor\/en\/category\/news\/\" rel=\"category tag\">News<\/a>","author_info_v2":{"name":"agenadmin","url":"https:\/\/www.agentiaimpreuna.ro\/capacitarea-romilor\/en\/author\/agenadmin\/"},"comments_num_v2":"0 comments","_links":{"self":[{"href":"https:\/\/www.agentiaimpreuna.ro\/capacitarea-romilor\/en\/wp-json\/wp\/v2\/posts\/1026","targetHints":{"allow":["GET"]}}],"collection":[{"href":"https:\/\/www.agentiaimpreuna.ro\/capacitarea-romilor\/en\/wp-json\/wp\/v2\/posts"}],"about":[{"href":"https:\/\/www.agentiaimpreuna.ro\/capacitarea-romilor\/en\/wp-json\/wp\/v2\/types\/post"}],"author":[{"embeddable":true,"href":"https:\/\/www.agentiaimpreuna.ro\/capacitarea-romilor\/en\/wp-json\/wp\/v2\/users\/1"}],"replies":[{"embeddable":true,"href":"https:\/\/www.agentiaimpreuna.ro\/capacitarea-romilor\/en\/wp-json\/wp\/v2\/comments?post=1026"}],"version-history":[{"count":0,"href":"https:\/\/www.agentiaimpreuna.ro\/capacitarea-romilor\/en\/wp-json\/wp\/v2\/posts\/1026\/revisions"}],"wp:featuredmedia":[{"embeddable":true,"href":"https:\/\/www.agentiaimpreuna.ro\/capacitarea-romilor\/en\/wp-json\/wp\/v2\/media\/1028"}],"wp:attachment":[{"href":"https:\/\/www.agentiaimpreuna.ro\/capacitarea-romilor\/en\/wp-json\/wp\/v2\/media?parent=1026"}],"wp:term":[{"taxonomy":"category","embeddable":true,"href":"https:\/\/www.agentiaimpreuna.ro\/capacitarea-romilor\/en\/wp-json\/wp\/v2\/categories?post=1026"},{"taxonomy":"post_tag","embeddable":true,"href":"https:\/\/www.agentiaimpreuna.ro\/capacitarea-romilor\/en\/wp-json\/wp\/v2\/tags?post=1026"}],"curies":[{"name":"wp","href":"https:\/\/api.w.org\/{rel}","templated":true}]}}